{"id":4677,"date":"2011-07-15T09:33:41","date_gmt":"2011-07-15T08:33:41","guid":{"rendered":"http:\/\/www.willizblog.de\/?p=4677"},"modified":"2011-07-15T06:58:18","modified_gmt":"2011-07-15T05:58:18","slug":"fahrgastbefragung-zur-unzeit","status":"publish","type":"post","link":"https:\/\/willizblog.de\/?p=4677","title":{"rendered":"Fahrgastbefragung zur Unzeit"},"content":{"rendered":"<p>Es ist unglaublich.: Kaum f\u00e4hrt mein durch Personalausfall (Urlaubszeit, mysteri\u00f6se Krankheitswelle bei den metronom-Lokf\u00fchrern) <a href=\"https:\/\/www.willizblog.de\/?p=4665\" target=\"_blank\">drei Tage lang ausgefallener Zug<\/a> wieder am heutigen Morgen, da werden die Fahrg\u00e4ste durch eine Fahrgastbefragung bel\u00e4stigt. Spinnt die <a href=\"http:\/\/www.der-metronom.de\/\" target=\"_blank\">metronom Eisenbahngesellschaft mbH<\/a> oder was soll das?<\/p>\n<p>Ginge es um Fragen der Kundenzufriedenheit oder um Stellungnahmen der Fahrg\u00e4ste zu dem immer noch offenen Tarifstreik mit der <a href=\"http:\/\/www.gdl.de\/\" target=\"_blank\">GDL<\/a> \u2013 ich w\u00fcrde das verstehen. Aber diese Fragen zur Zugauslastung (Wo zugestiegen? Wo wird ausgestiegen? Welche Fahrkarte? usw.) \u2013 was soll das zu diesem Zeitpunkt?<\/p>\n<p>1. Es sind Sommerferien. Viele Pendler haben bereits Urlaub. Eine Umfrage zu dieser Jahreszeit kann alles, nur nicht repr\u00e4sentativ sein (oder beabsichtigt der metronom hier etwas anderes: Z\u00fcge, die nur unreichend ausgelastet sind, kann man streichen).<\/p>\n<p>2. Der weiterhin seit Februar schwelende Streik der Lokf\u00fchrer, der Ausfall von Z\u00fcgen durch Personalengp\u00e4sse \u2013 hat der metronom keine anderen Sorgen au\u00dfer diese zur Unzeit gestartete Fahrgastbefragung? Die Pendler sind bereits reichlich genervt. Und so verwundert es nicht, dass viele Fahrg\u00e4ste die Beantwortung verweigern.<\/p>\n<p>3. Sollten die Fahrpl\u00e4ne, die ab Dezember 2010 gelten, Ergebnis fr\u00fcherer Fahrgastbefragungen sein, dann verzichtet ich schon deshalb an einer Teilnahme an dieser Befragung (siehe meinen Beitrag: <a href=\"https:\/\/www.willizblog.de\/?p=3653\" target=\"_blank\">Alles neu macht der Winterfahrplan<\/a>). Die neuen Fahrpl\u00e4ne brachten neben stark abweichenden Fahrzeiten (gegen\u00fcber fr\u00fcheren Fahrpl\u00e4nen) auch einige Zugausf\u00e4lle.<\/p>\n<p>Wie gesagt. Der Tarifstreik zwischen metronom und GDL (Gewerkschaft Deutscher Lokomotivf\u00fchrer) schwelt weiter. Endlich sah sich die GDL wohl zu einer <a href=\"http:\/\/www.gdl.de\/pmwiki.php?n=Aktuell.Pressemitteilung-1310628488\" target=\"_blank\"><strong>ausf\u00fchrlichen Stellungnahme<\/strong><\/a> gen\u00f6tigt. Das wurde mehr als Zeit und liest sich interessant. Jetzt w\u00fcrde ich gern eine Entgegnung hierzu von der metronom Eisenbahngesellschaft mbH lesen. Was die Pressesprecherin des metronom, Frau Hannah Kohn, bisher an <a href=\"http:\/\/www.der-metronom.de\/index.php?2,5,2\" target=\"_blank\"><strong>Pressemitteilungen<\/strong><\/a> \u00fcber die metronom-Website ver\u00f6ffentlicht hat, kann wohl kaum als Stellungnahme gewertet werden.<\/p>\n<p><em>Einen gleichlautenden Text habe ich \u00fcber die metronom-Website (<a href=\"http:\/\/www.der-metronom.de\/index.php?4,10,0,\" target=\"_blank\">Lob und Tadel<\/a>) der metronom Eisenbahngesellschaft mbH zukommen lassen.<\/em><\/p>\n","protected":false},"excerpt":{"rendered":"<p>Es ist unglaublich.: Kaum f\u00e4hrt mein durch Personalausfall (Urlaubszeit, mysteri\u00f6se Krankheitswelle bei den metronom-Lokf\u00fchrern) drei Tage lang ausgefallener Zug wieder am heutigen Morgen, da werden die Fahrg\u00e4ste durch eine Fahrgastbefragung bel\u00e4stigt. Spinnt die metronom Eisenbahngesellschaft mbH oder was soll das? Ginge es um Fragen der Kundenzufriedenheit oder um Stellungnahmen der Fahrg\u00e4ste zu dem immer noch &hellip; <a href=\"https:\/\/willizblog.de\/?p=4677\" class=\"more-link\"><span class=\"screen-reader-text\">Fahrgastbefragung zur Unzeit<\/span> weiterlesen <span class=\"meta-nav\">&rarr;<\/span><\/a><\/p>\n","protected":false},"author":1,"featured_media":0,"comment_status":"open","ping_status":"open","sticky":false,"template":"","format":"standard","meta":[],"categories":[22],"tags":[],"_links":{"self":[{"href":"https:\/\/willizblog.de\/index.php?rest_route=\/wp\/v2\/posts\/4677"}],"collection":[{"href":"https:\/\/willizblog.de\/index.php?rest_route=\/wp\/v2\/posts"}],"about":[{"href":"https:\/\/willizblog.de\/index.php?rest_route=\/wp\/v2\/types\/post"}],"author":[{"embeddable":true,"href":"https:\/\/willizblog.de\/index.php?rest_route=\/wp\/v2\/users\/1"}],"replies":[{"embeddable":true,"href":"https:\/\/willizblog.de\/index.php?rest_route=%2Fwp%2Fv2%2Fcomments&post=4677"}],"version-history":[{"count":0,"href":"https:\/\/willizblog.de\/index.php?rest_route=\/wp\/v2\/posts\/4677\/revisions"}],"wp:attachment":[{"href":"https:\/\/willizblog.de\/index.php?rest_route=%2Fwp%2Fv2%2Fmedia&parent=4677"}],"wp:term":[{"taxonomy":"category","embeddable":true,"href":"https:\/\/willizblog.de\/index.php?rest_route=%2Fwp%2Fv2%2Fcategories&post=4677"},{"taxonomy":"post_tag","embeddable":true,"href":"https:\/\/willizblog.de\/index.php?rest_route=%2Fwp%2Fv2%2Ftags&post=4677"}],"curies":[{"name":"wp","href":"https:\/\/api.w.org\/{rel}","templated":true}]}}