{"id":47,"date":"2005-02-24T10:26:47","date_gmt":"2005-02-24T09:26:47","guid":{"rendered":"http:\/\/www.albinz.de\/blog\/?p=47"},"modified":"2005-03-08T13:07:30","modified_gmt":"2005-03-08T12:07:30","slug":"carl-friedrich-gauss-zum-150-todestag","status":"publish","type":"post","link":"https:\/\/willizblog.de\/?p=47","title":{"rendered":"Carl Friedrich Gau\u00df &#8211; zum 150. Todestag"},"content":{"rendered":"<p>Da wir schon bei Jahrestagen, speziell Todestagen sind:<\/p>\n<p>Am 23. Februar 2005 (also gestern) j\u00e4hrte sich der Todestag von <a href=\"http:\/\/www.genie-gauss.de\/\" target=\"_blank\">Carl Friedrich Gau\u00df<\/a> zum 150. mal. Mit Gau\u00df lebte und arbeitete \u00fcber 50 Jahre lang ein Wissenschaftler in <a href=\"http:\/\/www.gaussjahr.de\/\" target=\"_blank\">G\u00f6ttingen<\/a>, der weltweit durch seine Forschungen Aufsehen erregte und bis heute ma\u00dfgeblich Wissenschaftsgeschichte geschrieben hat.<\/p>\n<ul><img src=\"https:\/\/www.albinz.net\/models\/gauss.jpg\" alt=\"Gau\u00df - wie wir ihn noch kennen\" \/><\/ul>\n<p>Im Zusammenhang mit der Vermessung des K\u00f6nigreichs Hannover hatte Gauss eine spektakul\u00e4re Idee. Er dachte, es k\u00f6nnte sein, dass der Raum gekr\u00fcmmt ist und hat versucht es zu messen.<\/p>\n<p>Gauss hat erkannt, dass unser Universum gekr\u00fcmmt sein k\u00f6nnte. Das hei\u00dft er hat erkannt, dass die Frage, ob der Raum gekr\u00fcmmt ist, nicht mathematisch also nur durch logische \u00dcberlegungen beantwortet werden kann, so wie man etwa beweisen kann, dass es unendlich viele Primzahlen gibt. Die Frage muss physikalisch beantwortet werden: Wir m\u00fcssen uns den Raum, in dem wir leben, anschauen und sehen, ob er gekr\u00fcmmt ist oder nicht. \u00c4hnlich wie wir nur durch Beobachtung feststellen k\u00f6nnen, dass die Erde der dritte gro\u00dfe Planet von der Sonne aus gesehen ist und nicht der vierte. F\u00fcr die erste H\u00e4lfte des 18. Jahrhunderts ist die Raumkr\u00fcmmung eine ungeheuer gewagte Idee. Sie zeigt, dass Gauss nicht nur in der Lage war, vom menschlichen Erfahrungsbereich zu abstrahieren. Er war auch bereit, au\u00dferhalb dieses Erfahrungsbereichs konstruierte Gedankengeb\u00e4ude als Erkl\u00e4rungsmodelle der realen Welt zu akzeptieren.<\/p>\n<p>Was Gauss nicht wissen konnte: Genau 50 Jahre nach Gauss&#8216; Tod ver\u00f6ffentlichte Albert Einstein die &#8222;spezielle  Relativit\u00e4tstheorie&#8220;.  Und: Kurioserweise ist Einsteins Todesjahr (1955) genau 100 Jahre nach Gauss&#8216; Todesjahr (die spezielle Relativit\u00e4t liegt genau dazwischen). Damit sind die beiden Pioniere des Raums noch zus\u00e4tzlich durch das gemeinsame  Jubil\u00e4um verbunden.<\/p>\n","protected":false},"excerpt":{"rendered":"<p>Da wir schon bei Jahrestagen, speziell Todestagen sind: Am 23. Februar 2005 (also gestern) j\u00e4hrte sich der Todestag von Carl Friedrich Gau\u00df zum 150. mal. Mit Gau\u00df lebte und arbeitete \u00fcber 50 Jahre lang ein Wissenschaftler in G\u00f6ttingen, der weltweit durch seine Forschungen Aufsehen erregte und bis heute ma\u00dfgeblich Wissenschaftsgeschichte geschrieben hat. Im Zusammenhang mit &hellip; <a href=\"https:\/\/willizblog.de\/?p=47\" class=\"more-link\"><span class=\"screen-reader-text\">Carl Friedrich Gau\u00df &#8211; zum 150. Todestag<\/span> weiterlesen <span class=\"meta-nav\">&rarr;<\/span><\/a><\/p>\n","protected":false},"author":1,"featured_media":0,"comment_status":"closed","ping_status":"closed","sticky":false,"template":"","format":"standard","meta":[],"categories":[1,15],"tags":[],"_links":{"self":[{"href":"https:\/\/willizblog.de\/index.php?rest_route=\/wp\/v2\/posts\/47"}],"collection":[{"href":"https:\/\/willizblog.de\/index.php?rest_route=\/wp\/v2\/posts"}],"about":[{"href":"https:\/\/willizblog.de\/index.php?rest_route=\/wp\/v2\/types\/post"}],"author":[{"embeddable":true,"href":"https:\/\/willizblog.de\/index.php?rest_route=\/wp\/v2\/users\/1"}],"replies":[{"embeddable":true,"href":"https:\/\/willizblog.de\/index.php?rest_route=%2Fwp%2Fv2%2Fcomments&post=47"}],"version-history":[{"count":0,"href":"https:\/\/willizblog.de\/index.php?rest_route=\/wp\/v2\/posts\/47\/revisions"}],"wp:attachment":[{"href":"https:\/\/willizblog.de\/index.php?rest_route=%2Fwp%2Fv2%2Fmedia&parent=47"}],"wp:term":[{"taxonomy":"category","embeddable":true,"href":"https:\/\/willizblog.de\/index.php?rest_route=%2Fwp%2Fv2%2Fcategories&post=47"},{"taxonomy":"post_tag","embeddable":true,"href":"https:\/\/willizblog.de\/index.php?rest_route=%2Fwp%2Fv2%2Ftags&post=47"}],"curies":[{"name":"wp","href":"https:\/\/api.w.org\/{rel}","templated":true}]}}