{"id":4710,"date":"2011-07-24T18:08:18","date_gmt":"2011-07-24T17:08:18","guid":{"rendered":"http:\/\/www.willizblog.de\/?p=4710"},"modified":"2011-07-24T18:08:18","modified_gmt":"2011-07-24T17:08:18","slug":"albinz-wieder-aus-reisen","status":"publish","type":"post","link":"https:\/\/willizblog.de\/?p=4710","title":{"rendered":"AlbinZ wieder aus Reisen"},"content":{"rendered":"<table cellspacing=\"4\" cellpadding=\"0\" width=\"100%\" border=\"0\">\n<tr>\n<td style=\"width: 100%\">\n<p align=\"justify\"><font face=\"Lucida Grande, Lucida Sans Unicode, Verdana, sans-serif\" size=\"2\">Es dauert nicht mehr lang, dann werden wieder die Koffer gepackt, um in den Urlaub zu fahren. Lang genug hat man geschuftet und gespart: Endlich kann man dem Alltag entfliehen und auf Reise gehen. Mit meinen Lieben war ich in den letzten Jahren nat\u00fcrlich auch oft unterwegs, um neue L\u00e4nder, Landschaften und Menschen kennenzulernen. Gerade f\u00fcr Kinder finde ich es wichtig, wenn sie von Mal zu Mal aus ihrer gewohnten Umgebung herauskommen, um zu sehen, dass die Welt aus &#8218;mehr&#8216; als dem Bekannten besteht. Ich kann mich noch sehr gut an Reisen in meiner Kindheit erinnern und &#8218;zehre&#8216; gewissernma\u00dfen noch heute von den Erinnerungen. Neben diesen bleiben nat\u00fcrlich Fotos, Videoaufnahmen und vielleicht kleine Reisetageb\u00fccher (ich kann nur empfehlen, schriftliche Aufzeichnungen zu f\u00fchren), mit denen man auch sp\u00e4ter noch einmal &#8218;auf Reise&#8216; gehen kann.<\/font><\/p>\n<p align=\"justify\"><font face=\"Lucida Grande, Lucida Sans Unicode, Verdana, sans-serif\" size=\"2\">Hier nun einige Links auf unsere Urlaubsreisen &#8211; u.a. auch mit Infos, auf jeden Fall vielen Bildern &#8211; und auch Videoaufnahmen von Land und Leuten. Dem einen m\u00f6gen diese Seiten fehlende Ausk\u00fcnfte geben, dem anderen Anregungen f\u00fcr sp\u00e4tere Reisen. <strong>Viel Spa\u00df!<\/strong><\/font><\/p>\n<\/td>\n<\/tr>\n<tr>\n<td style=\"width: 100%\" align=\"center\"><a href=\"https:\/\/www.albinz.net\/tunesien.html\" target=\"_blank\"><img loading=\"lazy\" height=\"350\" alt=\"Familie Albin auf Reisen\" src=\"https:\/\/www.albinz.net\/models\/urlaub2.jpg\" width=\"450\" border=\"0\" \/><\/a><\/td>\n<\/tr>\n<tr>\n<td style=\"width: 100%\" align=\"center\"><a href=\"https:\/\/www.albinz.net\/island.html\" target=\"_blank\"><font face=\"Lucida Grande, Lucida Sans Unicode, Verdana, sans-serif\" size=\"2\">Urlaub 1990 Island<\/font><\/a><\/td>\n<\/tr>\n<tr>\n<td style=\"width: 100%\" align=\"center\"><a href=\"http:\/\/www.jans-site.net\/london.html\" target=\"_blank\"><font face=\"Lucida Grande, Lucida Sans Unicode, Verdana, sans-serif\" size=\"2\">London-Reise 1996 (ich mit Sohn Jan)<\/font><\/a><\/td>\n<\/tr>\n<tr>\n<td style=\"width: 100%\" align=\"center\"><a href=\"https:\/\/www.albinz.net\/zillertal.html\" target=\"_blank\"><font face=\"Lucida Grande, Lucida Sans Unicode, Verdana, sans-serif\" size=\"2\">Urlaub 1997 im Zillertal<\/font><\/a><\/td>\n<\/tr>\n<tr>\n<td style=\"width: 100%\" align=\"center\"><a href=\"https:\/\/www.albinz.net\/spanien.html\" target=\"_blank\"><font face=\"Lucida Grande, Lucida Sans Unicode, Verdana, sans-serif\" size=\"2\">Abschied von Torre del Mar\/Spanien 1998\/99<\/font><\/a><\/td>\n<\/tr>\n<tr>\n<td style=\"width: 100%\" align=\"center\"><a href=\"https:\/\/www.albinz.net\/tunesia.html\" target=\"_blank\"><font face=\"Lucida Grande, Lucida Sans Unicode, Verdana, sans-serif\" size=\"2\">Tunesien 2000: Durch die W\u00fcste<\/font><\/a><\/td>\n<\/tr>\n<tr>\n<td style=\"width: 100%\" align=\"center\"><a href=\"https:\/\/www.albinz.net\/sizilien.html\" target=\"_blank\"><font face=\"Lucida Grande, Lucida Sans Unicode, Verdana, sans-serif\" size=\"2\">Urlaub Sizilien 2000<\/font><\/a><\/td>\n<\/tr>\n<tr>\n<td style=\"width: 100%\" align=\"center\"><a href=\"https:\/\/www.albinz.net\/kalabrien.html\" target=\"_blank\"><font face=\"Lucida Grande, Lucida Sans Unicode, Verdana, sans-serif\" size=\"2\">Urlaub 2001: Kalabrien<\/font><\/a> <font face=\"Lucida Grande, Lucida Sans Unicode, Verdana, sans-serif\" size=\"2\">und <a href=\"https:\/\/www.albinz.net\/aeol.html\" target=\"_blank\">\u00c4olische Inseln<\/a><\/font><\/td>\n<\/tr>\n<tr>\n<td style=\"width: 100%\" align=\"center\"><a href=\"https:\/\/www.albinz.net\/grainau.html\" target=\"_blank\"><font face=\"Lucida Grande, Lucida Sans Unicode, Verdana, sans-serif\" size=\"2\">Urlaub 2002: Grainau\/Oberbayern (Zugspitze)<\/font><\/a><\/td>\n<\/tr>\n<tr>\n<td style=\"width: 100%\" align=\"center\"><a href=\"https:\/\/www.albinz.net\/helgoland.html\" target=\"_blank\"><font face=\"Lucida Grande, Lucida Sans Unicode, Verdana, sans-serif\" size=\"2\">Urlaub 2004: Helgoland<\/font><\/a><\/td>\n<\/tr>\n<tr>\n<td style=\"width: 100%\" align=\"center\"><font face=\"Lucida Grande, Lucida Sans Unicode, Verdana, sans-serif\" size=\"2\"><a href=\"https:\/\/www.albinz.net\/schottland2005.html\" target=\"_blank\">Urlaub 2005: Schottland<\/a><\/font><\/td>\n<\/tr>\n<\/table>\n","protected":false},"excerpt":{"rendered":"<p>Es dauert nicht mehr lang, dann werden wieder die Koffer gepackt, um in den Urlaub zu fahren. Lang genug hat man geschuftet und gespart: Endlich kann man dem Alltag entfliehen und auf Reise gehen. Mit meinen Lieben war ich in den letzten Jahren nat\u00fcrlich auch oft unterwegs, um neue L\u00e4nder, Landschaften und Menschen kennenzulernen. Gerade &hellip; <a href=\"https:\/\/willizblog.de\/?p=4710\" class=\"more-link\"><span class=\"screen-reader-text\">AlbinZ wieder aus Reisen<\/span> weiterlesen <span class=\"meta-nav\">&rarr;<\/span><\/a><\/p>\n","protected":false},"author":1,"featured_media":0,"comment_status":"open","ping_status":"open","sticky":false,"template":"","format":"standard","meta":[],"categories":[10],"tags":[],"_links":{"self":[{"href":"https:\/\/willizblog.de\/index.php?rest_route=\/wp\/v2\/posts\/4710"}],"collection":[{"href":"https:\/\/willizblog.de\/index.php?rest_route=\/wp\/v2\/posts"}],"about":[{"href":"https:\/\/willizblog.de\/index.php?rest_route=\/wp\/v2\/types\/post"}],"author":[{"embeddable":true,"href":"https:\/\/willizblog.de\/index.php?rest_route=\/wp\/v2\/users\/1"}],"replies":[{"embeddable":true,"href":"https:\/\/willizblog.de\/index.php?rest_route=%2Fwp%2Fv2%2Fcomments&post=4710"}],"version-history":[{"count":0,"href":"https:\/\/willizblog.de\/index.php?rest_route=\/wp\/v2\/posts\/4710\/revisions"}],"wp:attachment":[{"href":"https:\/\/willizblog.de\/index.php?rest_route=%2Fwp%2Fv2%2Fmedia&parent=4710"}],"wp:term":[{"taxonomy":"category","embeddable":true,"href":"https:\/\/willizblog.de\/index.php?rest_route=%2Fwp%2Fv2%2Fcategories&post=4710"},{"taxonomy":"post_tag","embeddable":true,"href":"https:\/\/willizblog.de\/index.php?rest_route=%2Fwp%2Fv2%2Ftags&post=4710"}],"curies":[{"name":"wp","href":"https:\/\/api.w.org\/{rel}","templated":true}]}}