{"id":4713,"date":"2011-07-25T09:11:23","date_gmt":"2011-07-25T08:11:23","guid":{"rendered":"http:\/\/www.willizblog.de\/?p=4713"},"modified":"2011-07-25T09:15:09","modified_gmt":"2011-07-25T08:15:09","slug":"die-spitze-des-eisbergs","status":"publish","type":"post","link":"https:\/\/willizblog.de\/?p=4713","title":{"rendered":"Die Spitze des Eisbergs"},"content":{"rendered":"<p>Aus Erkl\u00e4rungsnot waren die norwegischen Sicherheitsbeh\u00f6rden am Freitag zun\u00e4chst davon \u00fcberzeugt, dass Islamisten hinter dem Anschlag auf das Regierungsgeb\u00e4ude in Oslo, in dem sich das B\u00fcro des sozialdemokratischen Ministerpr\u00e4sidenten Jens Stoltenberg befindet, stecken: al-Qaida bzw. islamische Fundamentalisten. Der Terrorismus-Experte des ZDF, <a href=\"https:\/\/de.wikipedia.org\/wiki\/Elmar_Theve%C3%9Fen\" target=\"_blank\">Elmar Theve\u00dfen<\/a>, beleuchtete auch gleich den Hintergrund: Norwegen und sein \u00d6l. Da wusste man noch nicht viel von dem eigentlichen Verbrechen, bei dem fast 90 Jugendliche auf der Ferieninsel Ut\u00f8ya unweit von Olso sterben sollten. In Medienberichten war zun\u00e4chst von f\u00fcnf Verletzten bei einer Schie\u00dferei die Rede.<\/p>\n<p><iframe loading=\"lazy\" width=\"540\" height=\"320\" frameborder=\"0\" scrolling=\"no\" marginheight=\"0\" marginwidth=\"0\" src=\"https:\/\/maps.google.de\/maps?f=q&amp;source=s_q&amp;hl=de&amp;geocode=&amp;q=stor%C3%B8ya&amp;aq=&amp;sll=60.03373,10.243034&amp;sspn=0.049217,0.132351&amp;ie=UTF8&amp;hq=&amp;hnear=Stor%C3%B8ya&amp;t=h&amp;ll=60.02374,10.247197&amp;spn=0.006862,0.023131&amp;z=15&amp;iwloc=A&amp;output=embed\"><\/iframe><br \/>\nUt\u00f8ya<\/p>\n<p>Gegen 17 Uhr am Freitag, gut anderthalb Stunden nachdem die Autobombe in Oslo explodiert war, erreicht ein Mann in Polizeiuniform mit einem kleinen Boot die Insel Ut\u00f8ya. Er tr\u00e4gt sichtbar zwei Waffen, was in Norwegen ungew\u00f6hnlich ist. Zun\u00e4chst erkl\u00e4rt er, er sei zum Schutze der Jugendlichen gekommen, pl\u00f6tzlich beginnt er dann aber zu schie\u00dfen. Mehrere Jugendliche rufen eine Notrufnummer an. Dort wird ihnen jedoch erkl\u00e4rt, sie sollten die Leitung nicht blockieren, falls ihr Anruf nicht mit dem Anschlag in Oslo zu tun habe. Um 17 Uhr 38 bricht endlich eine Sondereinheit der Polizei von Oslo nach Ut\u00f8ya auf. Die Einsatzleitung entscheidet, \u00fcber Land zu fahren, da ein Hubschrauber offenbar nicht unmittelbar einsatzbereit ist. 17.52 Uhr: Ein Patrouille kommt zum Tyrifjord. Ein geeignetes Boot zur \u00dcberfahrt auf die kaum einen Kilometer entfernte Insel muss erst geordert werden. 18.09 Uhr: Die Antiterror-Einheit &#8222;Delta&#8220; aus Oslo trifft am Fjordufer ein. 18.25 Uhr: Die Polizei erreicht die Insel. (Quelle: <a href=\"http:\/\/www.heute.de\/ZDFheute\/inhalt\/29\/0,3672,8302493,00.html\" target=\"_blank\">zdf.de &#8211; Chronologie eines Massakers<\/a>)<\/p>\n<p>Um 18.27 Uhr wird der 32-j\u00e4hrige T\u00e4ter gestellt. Der Mann ergibt sich und wird festgenommen. Es handelt sich um <a href=\"http:\/\/www.heute.de\/ZDFheute\/inhalt\/15\/0,3672,8302639,00.html\" target=\"_blank\">Anders Behring Breivik<\/a>, der sp\u00e4ter auch den Anschlag in Oslo gesteht. Er m\u00f6chte als konservativer Christ gesehen werden und gibt sich als Tempelritter aus, der in einem 1.516 Seiten starken Pamphlet in wirren Thesen, das er rund eine Stunde vor dem ersten Attentat an zahlreiche Freunde gemailt hat, schreibt, er habe Europa retten wollen. \u201eDie Zeit f\u00fcr Dialog ist vorbei. Wir haben dem Frieden eine Chance gegeben. Jetzt ist die Zeit f\u00fcr bewaffneten Widerstand gekommen&#8220;, schreibt Breivik unter englischem Pseudonym in seinem Manifest. &#8222;2083. Eine europ\u00e4ische Unabh\u00e4ngigkeitserkl\u00e4rung&#8220; &#8211; hat er das Manuskript genannt. Er will Europa vor dem Islam und dem &#8222;Kulturmarxismus&#8220; retten.  Sein Kampf gilt dem Multikulturalismus, also den politischen Kr\u00e4ften und ihren Anh\u00e4ngern, die eine multikulturelle Gesellschaft propagieren.<\/p>\n<p>Was f\u00fcr ein Mensch ist dieser Massenm\u00f6rder, der fast 100 Menschen auf dem Gewissen hat? Ich kann nur mutma\u00dfen, gehe aber davon aus, dass er an einem psychischen Defekt leidet. Er hat sich in einen Wahn hineingesteigert und lebt in einer anderen Wirklichkeit als die unsere. Sein ganzes Tun und Trachten der letzten neun Jahre, so lange hat er diese Anschl\u00e4ge vorbereitet, war auf diesen einen Tag ausgerichtet. Aber wir konnte es dazu kommen, dass er sich z.B. die Rolle eines Tempelritters zu eigen machte? Allein die Faszination f\u00fcr ein Computerrollenspiel wie <a href=\"https:\/\/de.wikipedia.org\/wiki\/Warcraft\" target=\"_blank\">\u201eWorld of Warcroft\u201c<\/a> kann es nicht sein. Stand er unter dem Einfluss rechtsgerichteter Zirkel?<\/p>\n<p>Es ist noch nicht allzu lange her, da haben konservative Politikerkreise in Deutschland, die multikulturelle Gesellschaft in Deutschland f\u00fcr gescheitert erkl\u00e4rt (siehe meinen Beitrag: <a href=\"https:\/\/www.willizblog.de\/?p=3515\" target=\"_blank\">Multikulturelle Gesellschaft und Leitkultur<\/a>). Und ich erinnere an das Buch <a href=\"https:\/\/de.wikipedia.org\/wiki\/Deutschland_schafft_sich_ab\" target=\"_blank\">\u201eDeutschland schafft sich ab\u201c<\/a> eines Herrn <a href=\"https:\/\/www.willizblog.de\/?p=3364\" target=\"_blank\">Sarrazin<\/a>, immerhin SPD-Mann. Hier wurde die Saat ges\u00e4t, die jetzt in Norwegen ihre unheilvollen Fr\u00fcchte tr\u00e4gt. Anders Behring Breivik ist nur die Spitze eines Eisberges, einer Szene, \u201edie in den Krisen und Kriegen dieser Welt den gro\u00dfen Endkampf der Religionen \u2013 die Schlacht von Armageddon \u2013 wiederzuerkennen glaubt; die den Islam als das B\u00f6se und jeden Muslim als Feind ansieht. Und die jeden Europ\u00e4er, der f\u00fcr Toleranz und Offenheit zwischen den Religionen, den ethnischen Gruppen und gegen\u00fcber Zuwanderern eintritt, zum Verr\u00e4ter stempelt, der in der gro\u00dfen Schlacht sterben muss. Die Anh\u00e4nger dieser Theorien lesen B\u00fccher, in denen der Generalsekret\u00e4r der Vereinten Nationen der Antichrist ist, spielen christliche Ballerspiele, trainieren ihre Kinder f\u00fcr den Kampf und vernetzen sich quer durch Europa und die USA.\u201c Das sind nicht meine Worte, so schreibt Elmar Theve\u00dfen im <a href=\"http:\/\/blog.zdf.de\/zdfdasblog\/2011\/07\/24\/expertise-oder-spekulation\/\" target=\"_blank\">ZDF Kennzeichen Digital \u2013 das Blog<\/a>.<\/p>\n<p>Nat\u00fcrlich erkl\u00e4rt sich hiermit dieser Blutrausch in Norwegen nur zum Teil. Es muss wahrscheinlich dem T\u00e4ter vor Jahren etwas innerlich zu tiefst verletzt haben. Zusammen aber entwickelte sich aus diesen Einfl\u00fcsterungen, dem \u201aSpiel\u2019 mit Rollen und weiteren bisher unbekannten Komponenten, \u00fcber die man heute nur spekulieren kann, dieser explosive Cocktail. Zuvor hatte sich der T\u00e4ter im Internet in Szene gesetzt. Dem nicht genug,  will er seine Motive nun vor dem Haftrichter darlegen. Daf\u00fcr w\u00fcnsche er <a href=\"http:\/\/www.heute.de\/ZDFheute\/inhalt\/18\/0,3672,8303442,00.html\" target=\"_blank\">\u00d6ffentlichkeit<\/a>, um diesen Auftritt zu Propagandazwecken zu nutzen. Anders Behring Breivik \u00e4u\u00dferte au\u00dferdem den Wunsch, &#8222;in Uniform&#8220; vor dem Richter erscheinen zu d\u00fcrfen.<\/p>\n","protected":false},"excerpt":{"rendered":"<p>Aus Erkl\u00e4rungsnot waren die norwegischen Sicherheitsbeh\u00f6rden am Freitag zun\u00e4chst davon \u00fcberzeugt, dass Islamisten hinter dem Anschlag auf das Regierungsgeb\u00e4ude in Oslo, in dem sich das B\u00fcro des sozialdemokratischen Ministerpr\u00e4sidenten Jens Stoltenberg befindet, stecken: al-Qaida bzw. islamische Fundamentalisten. Der Terrorismus-Experte des ZDF, Elmar Theve\u00dfen, beleuchtete auch gleich den Hintergrund: Norwegen und sein \u00d6l. Da wusste man &hellip; <a href=\"https:\/\/willizblog.de\/?p=4713\" class=\"more-link\"><span class=\"screen-reader-text\">Die Spitze des Eisbergs<\/span> weiterlesen <span class=\"meta-nav\">&rarr;<\/span><\/a><\/p>\n","protected":false},"author":1,"featured_media":0,"comment_status":"open","ping_status":"open","sticky":false,"template":"","format":"standard","meta":[],"categories":[12,2],"tags":[],"_links":{"self":[{"href":"https:\/\/willizblog.de\/index.php?rest_route=\/wp\/v2\/posts\/4713"}],"collection":[{"href":"https:\/\/willizblog.de\/index.php?rest_route=\/wp\/v2\/posts"}],"about":[{"href":"https:\/\/willizblog.de\/index.php?rest_route=\/wp\/v2\/types\/post"}],"author":[{"embeddable":true,"href":"https:\/\/willizblog.de\/index.php?rest_route=\/wp\/v2\/users\/1"}],"replies":[{"embeddable":true,"href":"https:\/\/willizblog.de\/index.php?rest_route=%2Fwp%2Fv2%2Fcomments&post=4713"}],"version-history":[{"count":0,"href":"https:\/\/willizblog.de\/index.php?rest_route=\/wp\/v2\/posts\/4713\/revisions"}],"wp:attachment":[{"href":"https:\/\/willizblog.de\/index.php?rest_route=%2Fwp%2Fv2%2Fmedia&parent=4713"}],"wp:term":[{"taxonomy":"category","embeddable":true,"href":"https:\/\/willizblog.de\/index.php?rest_route=%2Fwp%2Fv2%2Fcategories&post=4713"},{"taxonomy":"post_tag","embeddable":true,"href":"https:\/\/willizblog.de\/index.php?rest_route=%2Fwp%2Fv2%2Ftags&post=4713"}],"curies":[{"name":"wp","href":"https:\/\/api.w.org\/{rel}","templated":true}]}}