{"id":475,"date":"2006-05-06T16:47:55","date_gmt":"2006-05-06T14:47:55","guid":{"rendered":"http:\/\/www.albinz.de\/blog\/?p=475"},"modified":"2006-05-06T16:47:55","modified_gmt":"2006-05-06T14:47:55","slug":"explosion-im-grunen","status":"publish","type":"post","link":"https:\/\/willizblog.de\/?p=475","title":{"rendered":"Explosion im Gr\u00fcnen"},"content":{"rendered":"<p>Ist es in eurem Garten auch so urpl\u00f6tzlich explodiert? Nein, der Rasen wurde nicht gesprengt. Nur ged\u00fcngt und daher zum ersten Mal gem\u00e4ht. Ich meine die ausschie\u00dfenden Str\u00e4ucher und B\u00e4ume (&#8222;Der Mai ist gekommen, die B\u00e4ume schlagen aus &#8230;!&#8220;).<\/p>\n<p>Keine Angst vor Sprengungen, Schie\u00dfereien\u00a0 und Schl\u00e4gereien! Durch den Regen vor einer Woche und den jetzt fr\u00fchsommerlichen Temperaturen kann man dem Sprie\u00dfen des Gr\u00fcns im Garten f\u00f6rmlich zugucken. Es ist so, als wolle die Natur den zeitlichen R\u00fcckstand endlich aufholen.<\/p>\n<p><img title=\"Wei\u00dfe Kirschbl\u00fcten in AlbinZ Garten\" alt=\"Wei\u00dfe Kirschbl\u00fcten in AlbinZ Garten\" src=\"https:\/\/www.willizblog.de\/albpics\/kirschblueten.jpg\" \/><\/p>\n<p>Auf ein solches Wetterchen haben wir lange warten m\u00fcssen &#8230;<\/p>\n","protected":false},"excerpt":{"rendered":"<p>Ist es in eurem Garten auch so urpl\u00f6tzlich explodiert? Nein, der Rasen wurde nicht gesprengt. Nur ged\u00fcngt und daher zum ersten Mal gem\u00e4ht. Ich meine die ausschie\u00dfenden Str\u00e4ucher und B\u00e4ume (&#8222;Der Mai ist gekommen, die B\u00e4ume schlagen aus &#8230;!&#8220;). Keine Angst vor Sprengungen, Schie\u00dfereien\u00a0 und Schl\u00e4gereien! Durch den Regen vor einer Woche und den jetzt &hellip; <a href=\"https:\/\/willizblog.de\/?p=475\" class=\"more-link\"><span class=\"screen-reader-text\">Explosion im Gr\u00fcnen<\/span> weiterlesen <span class=\"meta-nav\">&rarr;<\/span><\/a><\/p>\n","protected":false},"author":1,"featured_media":0,"comment_status":"closed","ping_status":"closed","sticky":false,"template":"","format":"standard","meta":[],"categories":[16],"tags":[],"_links":{"self":[{"href":"https:\/\/willizblog.de\/index.php?rest_route=\/wp\/v2\/posts\/475"}],"collection":[{"href":"https:\/\/willizblog.de\/index.php?rest_route=\/wp\/v2\/posts"}],"about":[{"href":"https:\/\/willizblog.de\/index.php?rest_route=\/wp\/v2\/types\/post"}],"author":[{"embeddable":true,"href":"https:\/\/willizblog.de\/index.php?rest_route=\/wp\/v2\/users\/1"}],"replies":[{"embeddable":true,"href":"https:\/\/willizblog.de\/index.php?rest_route=%2Fwp%2Fv2%2Fcomments&post=475"}],"version-history":[{"count":0,"href":"https:\/\/willizblog.de\/index.php?rest_route=\/wp\/v2\/posts\/475\/revisions"}],"wp:attachment":[{"href":"https:\/\/willizblog.de\/index.php?rest_route=%2Fwp%2Fv2%2Fmedia&parent=475"}],"wp:term":[{"taxonomy":"category","embeddable":true,"href":"https:\/\/willizblog.de\/index.php?rest_route=%2Fwp%2Fv2%2Fcategories&post=475"},{"taxonomy":"post_tag","embeddable":true,"href":"https:\/\/willizblog.de\/index.php?rest_route=%2Fwp%2Fv2%2Ftags&post=475"}],"curies":[{"name":"wp","href":"https:\/\/api.w.org\/{rel}","templated":true}]}}