{"id":4779,"date":"2011-08-19T10:22:10","date_gmt":"2011-08-19T09:22:10","guid":{"rendered":"http:\/\/www.willizblog.de\/?p=4779"},"modified":"2011-08-18T12:28:41","modified_gmt":"2011-08-18T11:28:41","slug":"der-heilige-krieg","status":"publish","type":"post","link":"https:\/\/willizblog.de\/?p=4779","title":{"rendered":"Der heilige Krieg"},"content":{"rendered":"<p>In diesen Tagen l\u00e4uft im Fernsehen beim <a href=\"http:\/\/www.zdf.de\/\" target=\"_blank\">ZDF<\/a> eine Dokumentationsreihe in f\u00fcnf Teilen mit dem Titel <a href=\"http:\/\/heiliger-krieg.zdf.de\/ZDFde\/inhalt\/11\/0,1872,8315499,00.html\" target=\"_blank\">\u201eDer Heilige Krieg \u2013 Unter Kreuz und Halbmond\u201c<\/a> (Video <a href=\"http:\/\/www.zdf.de\/ZDFmediathek\/content\/1411938\" target=\"_blank\">5 Teile &#8222;Heiliger Krieg&#8220; in 5 Minuten<\/a>). Hierzu gibt es auf der ZDF-Website auch eine <a href=\"http:\/\/kreuz-und-halbmond.zdf.de\/\" target=\"_blank\">Interaktive Reise in die Geschichte von Islam und Christentum<\/a>. <\/p>\n<p><img src=\"http:\/\/heiliger-krieg.zdf.de\/ZDFde\/s_img\/55\/0,6992,7218231-render-Y2-,00.jpg\" alt=\"ZDF: Der heilige Krieg\" title=\"ZDF: Der heilige Krieg\" \/><\/p>\n<p>Christentum und Islam haben sich in der Geschichte immer wieder ber\u00fchrt. 711 \u00fcberschritten die <a href=\"https:\/\/de.wikipedia.org\/wiki\/Mauren\" target=\"_blank\">Mauren<\/a> die Meeresenge von Gibraltar und eroberten binnen weniger Jahre die christlichen Reiche der <a href=\"https:\/\/de.wikipedia.org\/wiki\/Westgoten#Westgoten\" target=\"_blank\">Westgoten<\/a> im S\u00fcden Spaniens, dem sie den Namen <a href=\"https:\/\/de.wikipedia.org\/wiki\/Al-Andalus\" target=\"_blank\">Al-Andalus<\/a> gaben: <a href=\"https:\/\/de.wikipedia.org\/wiki\/Andalusien#Geschichte\" target=\"_blank\">Andalusien<\/a>. Die Herrschaft der Mauren in Spanien wurde durch die <a href=\"https:\/\/de.wikipedia.org\/wiki\/Reconquista\" target=\"_blank\">Reconquista<\/a>, der R\u00fcckeroberung, 1492 in Granada beendet, aber die Einfl\u00fcsse der Muslime sind auch heute noch vor allem in der Architektur zu sehen, u.a. die <a href=\"https:\/\/de.wikipedia.org\/wiki\/Alhambra\" target=\"_blank\">Alhambra<\/a> in Granada mit den Gartenanlagen des <a href=\"https:\/\/de.wikipedia.org\/wiki\/Alhambra#Der_Generalife\" target=\"_blank\">Generalife<\/a>. Das Spanien der Mauren war ein multikulturelles Zentrum von Wissenschaft und Kunst.<\/p>\n<p><em>\u201eEr erz\u00e4hlt uns die geschichte der arabischen V\u00f6lker, angefangen bei Noah, mit erstaunlicher detailkenntnis, doch ohne zwischen mythischen und historischen ereignissen zu unterscheiden. F\u00fcr ihn gibt es nur eine geschichte: heilsgeschichte.<br \/>\nSein bericht f\u00fchrt bis zur r\u00fcckeroberung der iberischen halbinsel durch die \u201achristlichen\u2019 k\u00f6nige Fernando und Isabella. Der verlust von Andalus scheint die gr\u00f6szte wunde im christlich-islamischen verh\u00e4ltnis, aber auch eine z\u00e4sur innerhalb der <a href=\"https:\/\/de.wikipedia.org\/wiki\/Umma\" target=\"_blank\">\u201aumma<\/a>, der \u201agemeinschaft der gl\u00e4ubigen\u2019 darzustellen. \u2013 Scheich Dschallal bricht an dieser stelle ab und \u00fcberl\u00e4szt es seinen zuh\u00f6rern, die phantastische geschichte einer vereinten mediterranen welt, eines islamischen Sevilla und Triest, weiterzuspinnen.\u201c<\/em><br \/>\n<a href=\"https:\/\/www.amazon.de\/gp\/search?ie=UTF8&#038;keywords=roes%20leeres%20viertel&#038;tag=familiealbin-21&#038;index=books&#038;linkCode=ur2&#038;camp=1638&#038;creative=6742\" target=\"_blank\">Michael Roes: Leeres Viertel \u2013 Rub\u2019 Al-Khali &#8211; Invention \u00fcber das Spiel <\/a><img loading=\"lazy\" src=\"https:\/\/www.assoc-amazon.de\/e\/ir?t=familiealbin-21&#038;l=ur2&#038;o=3\" width=\"1\" height=\"1\" border=\"0\" alt=\"\" style=\"border:none !important; margin:0px !important;\" \/> (1. Auflage btb Taschenbuch im Goldmann Verlag \u2013 1996 &#8211; S. 536)<\/p>\n<p>Nat\u00fcrlich waren die Interessen der Christen und der Muslime immer auch politischer und wirtschaftlicher Art \u2013 bis zum heutigen Tag. Nicht umsonst sind deshalb die \u201aAnschauungen\u2019 der einen \u00fcber die anderen mit unz\u00e4hligen Vorurteilen gespickt. Um den anderen verstehen zu k\u00f6nnen, braucht es zuerst des Wissens: Denn was wissen wir Genaues \u00fcber den Islam? Das Buch von Michael Roes ist z.B. eine Hilfe, sich in die Mentalit\u00e4t der Menschen im S\u00fcden der Arabischen Halbinsel hineinzuversetzen. Und die ZDF-TV-Reihe verschafft uns sicherlich die n\u00f6tigen Einblicke in die gemeinsame Geschichte der Christen und Muslime.<\/p>\n","protected":false},"excerpt":{"rendered":"<p>In diesen Tagen l\u00e4uft im Fernsehen beim ZDF eine Dokumentationsreihe in f\u00fcnf Teilen mit dem Titel \u201eDer Heilige Krieg \u2013 Unter Kreuz und Halbmond\u201c (Video 5 Teile &#8222;Heiliger Krieg&#8220; in 5 Minuten). Hierzu gibt es auf der ZDF-Website auch eine Interaktive Reise in die Geschichte von Islam und Christentum. Christentum und Islam haben sich in &hellip; <a href=\"https:\/\/willizblog.de\/?p=4779\" class=\"more-link\"><span class=\"screen-reader-text\">Der heilige Krieg<\/span> weiterlesen <span class=\"meta-nav\">&rarr;<\/span><\/a><\/p>\n","protected":false},"author":1,"featured_media":0,"comment_status":"open","ping_status":"open","sticky":false,"template":"","format":"standard","meta":[],"categories":[15,13,14],"tags":[],"_links":{"self":[{"href":"https:\/\/willizblog.de\/index.php?rest_route=\/wp\/v2\/posts\/4779"}],"collection":[{"href":"https:\/\/willizblog.de\/index.php?rest_route=\/wp\/v2\/posts"}],"about":[{"href":"https:\/\/willizblog.de\/index.php?rest_route=\/wp\/v2\/types\/post"}],"author":[{"embeddable":true,"href":"https:\/\/willizblog.de\/index.php?rest_route=\/wp\/v2\/users\/1"}],"replies":[{"embeddable":true,"href":"https:\/\/willizblog.de\/index.php?rest_route=%2Fwp%2Fv2%2Fcomments&post=4779"}],"version-history":[{"count":0,"href":"https:\/\/willizblog.de\/index.php?rest_route=\/wp\/v2\/posts\/4779\/revisions"}],"wp:attachment":[{"href":"https:\/\/willizblog.de\/index.php?rest_route=%2Fwp%2Fv2%2Fmedia&parent=4779"}],"wp:term":[{"taxonomy":"category","embeddable":true,"href":"https:\/\/willizblog.de\/index.php?rest_route=%2Fwp%2Fv2%2Fcategories&post=4779"},{"taxonomy":"post_tag","embeddable":true,"href":"https:\/\/willizblog.de\/index.php?rest_route=%2Fwp%2Fv2%2Ftags&post=4779"}],"curies":[{"name":"wp","href":"https:\/\/api.w.org\/{rel}","templated":true}]}}