{"id":4788,"date":"2011-08-21T10:13:34","date_gmt":"2011-08-21T09:13:34","guid":{"rendered":"http:\/\/www.willizblog.de\/?p=4788"},"modified":"2011-08-19T08:19:31","modified_gmt":"2011-08-19T07:19:31","slug":"gdl-streik-schlichtung-oder-moderation","status":"publish","type":"post","link":"https:\/\/willizblog.de\/?p=4788","title":{"rendered":"GDL-Streik: Schlichtung oder Moderation?"},"content":{"rendered":"<p>Bis zum 10. August hatte die Gewerkschaft Deutscher Lokomotivf\u00fchrer (<a href=\"http:\/\/www.gdl.de\/\" target=\"_blank\">GDL<\/a>) die Streiks bei den privaten Bahnunternehmen ruhen lassen. Die hohen Herrschaften der GDL machten wohl Urlaub. So konnte ich mit meiner Familie nicht nur die Z\u00fcge der <a href=\"http:\/\/www.der-metronom.de\/\" target=\"_blank\">metronom Eisenbahngesellschaft<\/a> nutzen, sondern w\u00e4hrend unseres Brandenburg-Aufenthalts auch die der <a href=\"http:\/\/www.odeg.info\/\" target=\"_blank\">Ostdeutschen Eisenbahn<\/a>.<\/p>\n<p>Damit ist der Tarifkonflikt zwischen GDL und metronom aber noch nicht ausgestanden. Immerhin hat man sich jetzt auf den Eintritt in ein Schlichtungsverfahren geeinigt. Das hofft man zumindest beim metronom, denn die GDL vermeidet tunlichst den Begriff Schlichtung und spricht lieber von einer <a href=\"http:\/\/zughalt.de\/2011\/08\/15\/metronom-und-gdl-verwirrung-um-schlichtungsverfahren\/\" target=\"_blank\">\u201eModeration\u201c<\/a>. Bei einer Schlichtung besteht n\u00e4mlich Friedenspflicht, es darf also w\u00e4hrend dieser Zeit nicht gestreikt werden. Will sich da die GDL ein Hintert\u00fcrchen offen halten?<\/p>\n<p>Erstaunlich ist zumindest <a href=\"http:\/\/www.tagesschau.de\/wirtschaft\/gdl230.html\" target=\"_blank\">folgende Aussage<\/a>: <em>\u201eGDL-Chef Claus Weselsky sagte der \u201aS\u00e4chsischen Zeitung\u2019, zwar gelte bereits f\u00fcr 95 Prozent aller 26.000 Lokomotivf\u00fchrer in Deutschland ein einheitlicher Tarifvertrag \u2013 \u201abeim Rest sage ich aber ganz n\u00fcchtern, dass wir mit unseren Aktionen nicht durchkommen\u2019.\u201c<\/em> F\u00fcr mich kann das nur hei\u00dfen, das die Streikkassen der GDL ziemlich leer sind, immerhin begannen die ersten Streiks vor einem halben Jahr. Au\u00dferdem nahm die Streikbereitschaft der Lokf\u00fchrer in letzter Zeit stark ab.<\/p>\n<p><img src=\"https:\/\/www.willizblog.de\/blogpicts\/metronom_tagesticket_werbekampagne.jpg\" alt=\"Werbekampagne Metronom Tagesticket\" \/><\/p>\n<p>Nicht ganz nachvollziehbar ist es, dass die metronom Eisenbahngesellschaft in diesen Tagen mit einer neuen Werbekampagne begonnen hat. So als g\u00e4be es den Tarifkonflikt nicht. \u201eMeine Region. Mein <em>metronom<\/em>.\u201c So lautet das Motto und wirbt mit <a href=\"http:\/\/www.der-metronom.de\/meine_region\/01_metronom_bad_bevensen.html\" target=\"_blank\">Sch\u00e4ferinnen<\/a>, <a href=\"http:\/\/www.der-metronom.de\/meine_region\/02_metronom_celle.html\" target=\"_blank\">Turmbl\u00e4sern<\/a>, <a href=\"http:\/\/www.der-metronom.de\/meine_region\/03_metronom_cuxhaven.html\" target=\"_blank\">Wattforschern<\/a>, <a href=\"http:\/\/www.der-metronom.de\/meine_region\/04_metronom_hamburg.html\" target=\"_blank\">Beatles-Expertinnen<\/a> und <a href=\"http:\/\/www.der-metronom.de\/meine_region\/05_metronom_lauenbrueck.html\" target=\"_blank\">Eseln<\/a> f\u00fcr das <a href=\"http:\/\/www.der-metronom.de\/meine_region\/06_metronom_info.html\" target=\"_blank\">metronom Tagesticket<\/a>. Vielleicht ist auch diese Kampagne ein Zeichen daf\u00fcr, dass man durch den Streik verlorenes Terrain (n\u00e4mlich Kunden) zur\u00fcckzugewinnen versucht. Die Kosten f\u00fcr solche Werbema\u00dfnahmen zahlt dann am Ende wieder kein anderer als der Fahrgast.<\/p>\n","protected":false},"excerpt":{"rendered":"<p>Bis zum 10. August hatte die Gewerkschaft Deutscher Lokomotivf\u00fchrer (GDL) die Streiks bei den privaten Bahnunternehmen ruhen lassen. Die hohen Herrschaften der GDL machten wohl Urlaub. So konnte ich mit meiner Familie nicht nur die Z\u00fcge der metronom Eisenbahngesellschaft nutzen, sondern w\u00e4hrend unseres Brandenburg-Aufenthalts auch die der Ostdeutschen Eisenbahn. Damit ist der Tarifkonflikt zwischen GDL &hellip; <a href=\"https:\/\/willizblog.de\/?p=4788\" class=\"more-link\"><span class=\"screen-reader-text\">GDL-Streik: Schlichtung oder Moderation?<\/span> weiterlesen <span class=\"meta-nav\">&rarr;<\/span><\/a><\/p>\n","protected":false},"author":1,"featured_media":0,"comment_status":"open","ping_status":"open","sticky":false,"template":"","format":"standard","meta":[],"categories":[22],"tags":[],"_links":{"self":[{"href":"https:\/\/willizblog.de\/index.php?rest_route=\/wp\/v2\/posts\/4788"}],"collection":[{"href":"https:\/\/willizblog.de\/index.php?rest_route=\/wp\/v2\/posts"}],"about":[{"href":"https:\/\/willizblog.de\/index.php?rest_route=\/wp\/v2\/types\/post"}],"author":[{"embeddable":true,"href":"https:\/\/willizblog.de\/index.php?rest_route=\/wp\/v2\/users\/1"}],"replies":[{"embeddable":true,"href":"https:\/\/willizblog.de\/index.php?rest_route=%2Fwp%2Fv2%2Fcomments&post=4788"}],"version-history":[{"count":0,"href":"https:\/\/willizblog.de\/index.php?rest_route=\/wp\/v2\/posts\/4788\/revisions"}],"wp:attachment":[{"href":"https:\/\/willizblog.de\/index.php?rest_route=%2Fwp%2Fv2%2Fmedia&parent=4788"}],"wp:term":[{"taxonomy":"category","embeddable":true,"href":"https:\/\/willizblog.de\/index.php?rest_route=%2Fwp%2Fv2%2Fcategories&post=4788"},{"taxonomy":"post_tag","embeddable":true,"href":"https:\/\/willizblog.de\/index.php?rest_route=%2Fwp%2Fv2%2Ftags&post=4788"}],"curies":[{"name":"wp","href":"https:\/\/api.w.org\/{rel}","templated":true}]}}