{"id":4795,"date":"2011-08-23T09:55:21","date_gmt":"2011-08-23T08:55:21","guid":{"rendered":"http:\/\/www.willizblog.de\/?p=4795"},"modified":"2011-08-22T09:58:47","modified_gmt":"2011-08-22T08:58:47","slug":"durchwachsener-start","status":"publish","type":"post","link":"https:\/\/willizblog.de\/?p=4795","title":{"rendered":"Durchwachsener Start"},"content":{"rendered":"<p>Im Vorfeld zu der neuen Bundesligasaison 2011\/2012 gab es <a href=\"http:\/\/fussball.zdf.de\/ZDFsport\/inhalt\/13\/0,5676,8279981,00.html\" target=\"_blank\">einigen Knatsch<\/a> beim SV Werder Bremen, da der Aufsichtsratsboss Willi Lemke einen strikten Sparkurs einschlug, der angesichts der fehlenden Gelder aus internationalen Wettbewerben (Werder darf sich dieses Jahr nur national austoben) durchaus verst\u00e4ndlich erscheint. Am Ende hatten sich dann Manager Klaus Allofs und Trainer Thomas Schaaf doch durchgesetzt und die Spieler ins Boot geholt, die sie f\u00fcr ein Ankn\u00fcpfen an fr\u00fchere Erfolge f\u00fcr notwendig halten. Neben Mehmet Ekici, der neuer Spielmacher in Bremen werden soll, dem Allrounder Lukas Schmitz und den abl\u00f6sefreien Innenverteidiger Andreas Wolf sind nun doch der griechische Innenverteidiger Sokratis Papastathopoulos (Ausleihe) und der junge Aleksandar Ignjovski, der zuletzt auf Leihbasis f\u00fcr 1860 M\u00fcnchen gespielt hat, an die Weser geholt worden. Viele neue Gesichter. Daf\u00fcr haben neben Torsten Frings, der dem Verein wohl zu teuer wurde, auch viele andere gestandene Spieler den SV Werder verlassen (m\u00fcssen). Zu f\u00fcrchten ist, das vielleicht ein Spieler wie Per Mertesacker noch verkauft werden muss, um den hohen Spieleretat zu deckeln. Aber die <a href=\"http:\/\/www.transfermarkt.de\/de\/werder-bremen\/geruechte\/verein_86.html\" target=\"_blank\">Ger\u00fcchtek\u00fcche<\/a> gibt sich still.<\/p>\n<p>Die Saison begann dann leider alles andere als glorreich. Gegen die Amateure vom 1. FC Heidenheim 1846 mussten die Bremer gleich in der ersten Hauptrunde des DBF-Pokals die Segel streichen. Damit k\u00f6nnen sie sich jetzt voll und ganz der Bundesliga widmen. Nach drei Spieltagen sieht es da schon einmal ganz gut aus. Mit zwei Siegen und sechs Punkten liegt die Mannschaft auf dem 5. Platz und nur einen Punkt hinter dem \u00fcberraschenden Tabellenf\u00fchrer, der Borussia aus M\u00f6nchengladbach. Besonders der 5:3-Sieg am Wochenende gegen den FC Freiburg l\u00e4sst hoffen. Der Angriff zeigte sich bestens aufgelegt, zumal Thomas Schaaf beim Einwechseln ein <a href=\"http:\/\/www.weser-kurier.de\/Artikel\/Werder\/Profis\/432219\/Schaaf-beweist-ein-glueckliches-Haendchen.html?id=432444\" target=\"_blank\">gl\u00fcckliches H\u00e4ndchen<\/a> bewies. Sorgen bereitet nach wie vor die Abwehr, die noch mit einigen Abstimmungsproblemen zu k\u00e4mpfen hat.<\/p>\n<p>Warten wir die weiteren Spieltage ab. Dann wissen wir mehr. Aber die Mannschaft ist auf einem guten Weg. Die Spielfreude ist endlich zur\u00fcckgekehrt. Und wenn die Abstimmung zwischen den Mannschaftsteilen optimiert wird, dann sollte der Werder-Fan in dieser Saison endlich wieder etwas mehr zu lachen haben.<\/p>\n","protected":false},"excerpt":{"rendered":"<p>Im Vorfeld zu der neuen Bundesligasaison 2011\/2012 gab es einigen Knatsch beim SV Werder Bremen, da der Aufsichtsratsboss Willi Lemke einen strikten Sparkurs einschlug, der angesichts der fehlenden Gelder aus internationalen Wettbewerben (Werder darf sich dieses Jahr nur national austoben) durchaus verst\u00e4ndlich erscheint. Am Ende hatten sich dann Manager Klaus Allofs und Trainer Thomas Schaaf &hellip; <a href=\"https:\/\/willizblog.de\/?p=4795\" class=\"more-link\"><span class=\"screen-reader-text\">Durchwachsener Start<\/span> weiterlesen <span class=\"meta-nav\">&rarr;<\/span><\/a><\/p>\n","protected":false},"author":1,"featured_media":0,"comment_status":"open","ping_status":"open","sticky":false,"template":"","format":"standard","meta":[],"categories":[27],"tags":[],"_links":{"self":[{"href":"https:\/\/willizblog.de\/index.php?rest_route=\/wp\/v2\/posts\/4795"}],"collection":[{"href":"https:\/\/willizblog.de\/index.php?rest_route=\/wp\/v2\/posts"}],"about":[{"href":"https:\/\/willizblog.de\/index.php?rest_route=\/wp\/v2\/types\/post"}],"author":[{"embeddable":true,"href":"https:\/\/willizblog.de\/index.php?rest_route=\/wp\/v2\/users\/1"}],"replies":[{"embeddable":true,"href":"https:\/\/willizblog.de\/index.php?rest_route=%2Fwp%2Fv2%2Fcomments&post=4795"}],"version-history":[{"count":0,"href":"https:\/\/willizblog.de\/index.php?rest_route=\/wp\/v2\/posts\/4795\/revisions"}],"wp:attachment":[{"href":"https:\/\/willizblog.de\/index.php?rest_route=%2Fwp%2Fv2%2Fmedia&parent=4795"}],"wp:term":[{"taxonomy":"category","embeddable":true,"href":"https:\/\/willizblog.de\/index.php?rest_route=%2Fwp%2Fv2%2Fcategories&post=4795"},{"taxonomy":"post_tag","embeddable":true,"href":"https:\/\/willizblog.de\/index.php?rest_route=%2Fwp%2Fv2%2Ftags&post=4795"}],"curies":[{"name":"wp","href":"https:\/\/api.w.org\/{rel}","templated":true}]}}