{"id":4827,"date":"2011-08-31T09:01:04","date_gmt":"2011-08-31T08:01:04","guid":{"rendered":"http:\/\/www.willizblog.de\/?p=4827"},"modified":"2011-08-31T08:53:31","modified_gmt":"2011-08-31T07:53:31","slug":"ach-du-lieber-mein-schwan","status":"publish","type":"post","link":"https:\/\/willizblog.de\/?p=4827","title":{"rendered":"Ach, du lieber mein Schwan"},"content":{"rendered":"<p><a href=\"https:\/\/de.wikipedia.org\/wiki\/Schw%C3%A4ne\" target=\"_blank\">Schw\u00e4ne<\/a> haben etwas Majest\u00e4tisches, wenn sie so sanft \u00fcber das Wasser gleiten (weniger, wenn sie \u00fcber Land watscheln). Wegen des rein wei\u00dfen Gefieders der europ\u00e4ischen Arten und der eindrucksvollen Gr\u00f6\u00dfe sind sie in zahlreiche Mythen und M\u00e4rchen eingegangen.<\/p>\n<p>Hier aus unserem <a href=\"https:\/\/www.willizblog.de\/?p=4535\" target=\"_blank\">Brandenburg-Urlaub<\/a> eine Schwanenfamilie auf dem <a href=\"https:\/\/www.willizblog.de\/?p=4772\" target=\"_blank\">Scharm\u00fctzelsee bei Bad Saarow<\/a>:<\/p>\n<table border=\"0\" cellpadding=\"4\" cellspacing=\"0\" width=\"100%\">\n<tr>\n<td width=\"50%\">\n<p align=\"center\"><img loading=\"lazy\" border=\"0\" src=\"https:\/\/www.willizblog.de\/blogpicts\/schwaene01.jpg\" alt=\"Schwanenfamilie auf dem Scharm\u00fctzelsee\/Brandenburg\" title=\"Schwanenfamilie auf dem Scharm\u00fctzelsee\/Brandenburg\" width=\"270\" height=\"203\"><\/td>\n<td width=\"50%\">\n<p align=\"center\"><img loading=\"lazy\" border=\"0\" src=\"https:\/\/www.willizblog.de\/blogpicts\/schwaene02.jpg\" alt=\"Schwanenfamilie auf dem Scharm\u00fctzelsee\/Brandenburg\" title=\"Schwanenfamilie auf dem Scharm\u00fctzelsee\/Brandenburg\" width=\"270\" height=\"203\"><\/td>\n<\/tr>\n<tr>\n<td width=\"100%\" colspan=\"2\">\n<p align=\"center\"><font face=\"Lucida Grande, Lucida Sans Unicode, Verdana, sans-serif\" size=\"2\">Schwanenfamilie auf dem Scharm\u00fctzelsee\/Brandenburg<\/font><\/td>\n<\/tr>\n<\/table>\n<p><em>\u201eIm Europa des Mittelalters galt die Schwanenhaltung auf offenem Gew\u00e4sser als Hoheitsrecht. Als politisches Symbol der Unabh\u00e4ngigkeit vom Deutschen Reich stellte z. B. der Rat der Stadt Hamburg 1664 die Bel\u00e4stigung der <a href=\"https:\/\/de.wikipedia.org\/wiki\/Alsterschw%C3%A4ne\" target=\"_blank\">Alsterschw\u00e4ne<\/a> (H\u00f6ckerschw\u00e4ne auf der <a href=\"https:\/\/de.wikipedia.org\/wiki\/Alster\" target=\"_blank\">Alster<\/a>) unter Strafe. Futterzahlungen der Stadt an die Tiere lassen sich ab 1591 belegen. Heute werden die Tiere von einem Schwanenaufseher (Volksmund: Schwanenvater) betreut. Seit 1957 wird im Winter f\u00fcr die ca. 120 Tiere der <a href=\"https:\/\/de.wikipedia.org\/wiki\/Eppendorfer_M%C3%BChlenteich\" target=\"_blank\">Eppendorfer M\u00fchlenteich<\/a> eisfrei gehalten.\u201c<\/em><\/p>\n","protected":false},"excerpt":{"rendered":"<p>Schw\u00e4ne haben etwas Majest\u00e4tisches, wenn sie so sanft \u00fcber das Wasser gleiten (weniger, wenn sie \u00fcber Land watscheln). Wegen des rein wei\u00dfen Gefieders der europ\u00e4ischen Arten und der eindrucksvollen Gr\u00f6\u00dfe sind sie in zahlreiche Mythen und M\u00e4rchen eingegangen. Hier aus unserem Brandenburg-Urlaub eine Schwanenfamilie auf dem Scharm\u00fctzelsee bei Bad Saarow: Schwanenfamilie auf dem Scharm\u00fctzelsee\/Brandenburg \u201eIm &hellip; <a href=\"https:\/\/willizblog.de\/?p=4827\" class=\"more-link\"><span class=\"screen-reader-text\">Ach, du lieber mein Schwan<\/span> weiterlesen <span class=\"meta-nav\">&rarr;<\/span><\/a><\/p>\n","protected":false},"author":1,"featured_media":0,"comment_status":"open","ping_status":"open","sticky":false,"template":"","format":"standard","meta":[],"categories":[10,20],"tags":[],"_links":{"self":[{"href":"https:\/\/willizblog.de\/index.php?rest_route=\/wp\/v2\/posts\/4827"}],"collection":[{"href":"https:\/\/willizblog.de\/index.php?rest_route=\/wp\/v2\/posts"}],"about":[{"href":"https:\/\/willizblog.de\/index.php?rest_route=\/wp\/v2\/types\/post"}],"author":[{"embeddable":true,"href":"https:\/\/willizblog.de\/index.php?rest_route=\/wp\/v2\/users\/1"}],"replies":[{"embeddable":true,"href":"https:\/\/willizblog.de\/index.php?rest_route=%2Fwp%2Fv2%2Fcomments&post=4827"}],"version-history":[{"count":0,"href":"https:\/\/willizblog.de\/index.php?rest_route=\/wp\/v2\/posts\/4827\/revisions"}],"wp:attachment":[{"href":"https:\/\/willizblog.de\/index.php?rest_route=%2Fwp%2Fv2%2Fmedia&parent=4827"}],"wp:term":[{"taxonomy":"category","embeddable":true,"href":"https:\/\/willizblog.de\/index.php?rest_route=%2Fwp%2Fv2%2Fcategories&post=4827"},{"taxonomy":"post_tag","embeddable":true,"href":"https:\/\/willizblog.de\/index.php?rest_route=%2Fwp%2Fv2%2Ftags&post=4827"}],"curies":[{"name":"wp","href":"https:\/\/api.w.org\/{rel}","templated":true}]}}