{"id":4851,"date":"2011-09-06T08:47:55","date_gmt":"2011-09-06T07:47:55","guid":{"rendered":"http:\/\/www.willizblog.de\/?p=4851"},"modified":"2011-09-06T08:49:10","modified_gmt":"2011-09-06T07:49:10","slug":"attraktiv-schnell-erfolgreich","status":"publish","type":"post","link":"https:\/\/willizblog.de\/?p=4851","title":{"rendered":"Attraktiv, schnell, erfolgreich"},"content":{"rendered":"<p>Es war Franz Beckenbauer, der Anfang der 90er Jahre den Beginn eines goldenen Zeitalters des deutschen Fu\u00dfballs beschwor. Grund: Die Wiedervereinigung bescherte dem Deutschen Fu\u00dfballbund (DFB) viele Spieler der ehemaligen DDR: Sammer, dann Ballack \u2013 um nur einige Namen zu nennen. Aber der gro\u00dfe Erfolg blieb aus. Man hatte einfach die Nachwuchsf\u00f6rderung vernachl\u00e4ssigt. Als man begriff, dass \u201afertige\u2019 Spieler nicht wie Pilze aus dem Boden schie\u00dfen, investierte man endlich in die Jugend \u2013 und in die Integration von Migrantenkindern, die in Deutschland geboren und aufgewachsen sind.<\/p>\n<p>Der erste gro\u00dfe Erfolg dieser Nachwuchsarbeit zeigte sich 2009 bei der <a href=\"https:\/\/de.wikipedia.org\/wiki\/U-21-Fu%C3%9Fball-Europameisterschaft_2009\" target=\"_blank\">U-21-Fu\u00dfball-Europameisterschaft<\/a> in Schweden. Deutschland gewann dieses Turnier der Unter-einundzwanzigj\u00e4hrigen mit Spielern wie Manuel Neuer im Tor, J\u00e9r\u00f4me Boateng, Mats Hummels und Benedikt H\u00f6wedes in der Abwehr, Sami Khedira und Mesut \u00d6zil im Mittelfeld. Diese Spieler bilden heutigentags die halbe Nationalmannschaft der Senioren.<\/p>\n<p>Besonders ein Stern ging bei dieser U-21-EM 2009 strahlend auf, der von <a href=\"https:\/\/www.willizblog.de\/index.php?s=Mesut+%C3%96zil\" target=\"_blank\">Mesut \u00d6zil<\/a>. Mir klingen noch immer die englischsprachigen Kommentare (im Internet) im Ohr, die bewundernd den Namen riefen: <em>Ooooooziiil!<\/em><\/p>\n<p>Dann kam die <a href=\"https:\/\/de.wikipedia.org\/wiki\/Fu%C3%9Fball-Weltmeisterschaft_2010\" target=\"_blank\">Weltmeisterschaft 2010 in S\u00fcdafrika<\/a>. Und ich denke da besonders an das <a href=\"https:\/\/de.wikipedia.org\/wiki\/Fu%C3%9Fball-Weltmeisterschaft_2010\/Finalrunde#Argentinien_-_Deutschland\" target=\"_blank\">Spiel gegen Argentinien<\/a> \u2013 immerhin mit dem Weltfu\u00dfballer Lionel Messi -, das Deutschland \u00fcberlegen mit 4:0 gewann. Zum Weltmeistertitel reichte es dann zwar nicht, noch nicht, aber besonders die jungen Spieler r\u00fcckten in das Interesse der gro\u00dfen Vereine \u2013 und so wechselte neben Sami Khedira auch Mesut \u00d6zil, der es immerhin in die Liste der 10 Anw\u00e4rter f\u00fcr den Goldenen Ball (bester Spieler) bei der Fu\u00dfball-WM in S\u00fcdafrika geschafft hat, zu Real Madrid.<\/p>\n<p>Neben \u00d6zil ist es nun ein weiterer junger Spieler, der von sich reden macht: <a href=\"https:\/\/de.wikipedia.org\/wiki\/Mario_G%C3%B6tze\" target=\"_blank\">Mario G\u00f6tze<\/a>, gerade 19 Jahre alt. Erste Aufmerksamkeit erregte er ebenfalls 2009 bei der <a href=\"https:\/\/de.wikipedia.org\/wiki\/U-17-Fu%C3%9Fball-Europameisterschaft_2009\" target=\"_blank\">U-17-Fu\u00dfball-Europameisterschaft<\/a>, als er mit der Mannschaft Europameister im eigenen Land wurde.<\/p>\n<p>Mesut \u00d6zil ist inzwischen Spielgestalter, besser noch Designer, wie man ihn adelnd in Spanien nennt, der K\u00f6niglichen aus Madrid. Mario G\u00f6tze muss sich sicherlich noch \u201aseine Sporen verdienen\u2019 (neben dem U-17-Europameistertitel hat er immerhin in der letzten Saison mit Borussia Dortmund die Deutsche Meisterschaft gewonnen). Aber was er jetzt schon zeigt, zeugt von einer Kreativit\u00e4t, die seinesgleichen sucht. W\u00e4hrend \u00d6zil gewisserma\u00dfen \u201ader Spanier\u2019 a la <a href=\"https:\/\/de.wikipedia.org\/wiki\/Andr%C3%A9s_Iniesta\" target=\"_blank\">Iniesta<\/a> des deutschen Teams ist, spielt G\u00f6tze wie ein Brasilianer.<\/p>\n<p>Aber ich m\u00f6chte einen weiteren offensiven Mittelfeldspieler nicht vergessen, der im Qualifikationsspiel gegen \u00d6sterreich am letzten Freitag f\u00fcr einige sehr sch\u00f6ne Torvorlagen gesorgt hat: <a href=\"https:\/\/de.wikipedia.org\/wiki\/Thomas_M%C3%BCller_%28Fu%C3%9Fballspieler%29\" target=\"_blank\">Thomas M\u00fcller<\/a>.<\/p>\n<p>Mit so viel Kreativit\u00e4t, Spielwitz und Spielfreude, konnte es mit dem deutschen Fu\u00dfball nur bergauf gehen. Die Qualifikation zur n\u00e4chsten Europameisterschaft ist so vorzeitig gesichert (<a href=\"http:\/\/www.zdf.de\/ZDFmediathek\/content\/1428656\" target=\"_blank\">achter Sieg im achten Spiel<\/a>). Heute nun gibt es ein Testspiel gegen einen der EM-Gastgeber des n\u00e4chsten Jahres, <a href=\"http:\/\/www.zdf.de\/ZDFmediathek\/content\/1428928\" target=\"_blank\">Polen<\/a>. Bundestrainer L\u00f6w k\u00fcndigte an, auf insgesamt <a href=\"http:\/\/www.sportschau.de\/sp\/fussball\/news201109\/05\/polen_startelf.jsp\" target=\"_blank\">sieben Positionen zu experimentieren<\/a>. Besonders in der Abwehr zeigen sich noch Defizite, die behoben werden m\u00fcssen. Neben der Verbesserung der Feinabstimmung hier muss das Hauptaugenmerk jetzt auf die taktische Ausrichtung gelegt werden.<\/p>\n<p>Das Ma\u00df aller Dinge sind die Mannschaften Spaniens und der Niederlande. Will das deutsche Team im n\u00e4chsten Jahr Europameister werden, und das will sie nat\u00fcrlich, dann muss sie <a href=\"http:\/\/www.sportschau.de\/sp\/fussball\/news201109\/06\/vor_pl_ger.jsp\" target=\"_blank\">Wege und Mittel finden<\/a>, auch diese Mannschaften zu besiegen. Besonders wichtig ist dabei, Dominanz zu zeigen, um besonders die schnellen Kombinationen des spanischen Kurzpassspieles zu unterbinden. Bundestrainer L\u00f6w hat jetzt neun Monate Zeit, um eine homogene Elf zu formen. Die hervorragenden Spieler dazu hat er in der Anzahl wie selten zuvor. Dann d\u00fcrfte die deutsche Mannschaft nicht nur attraktiv und schnell, sondern auch erfolgreich sein.<\/p>\n<p>Alle L\u00e4nderspiele bis zur EM 2012: Der <a href=\"http:\/\/fussball.zdf.de\/ZDFsport\/inhalt\/6\/0,5676,8091270,00.html\" target=\"_blank\">Fahrplan bis zum Turnier<\/a> in Polen und der Ukraine vom 8. Juni bis 1. Juli 2012<\/p>\n","protected":false},"excerpt":{"rendered":"<p>Es war Franz Beckenbauer, der Anfang der 90er Jahre den Beginn eines goldenen Zeitalters des deutschen Fu\u00dfballs beschwor. Grund: Die Wiedervereinigung bescherte dem Deutschen Fu\u00dfballbund (DFB) viele Spieler der ehemaligen DDR: Sammer, dann Ballack \u2013 um nur einige Namen zu nennen. Aber der gro\u00dfe Erfolg blieb aus. Man hatte einfach die Nachwuchsf\u00f6rderung vernachl\u00e4ssigt. Als man &hellip; <a href=\"https:\/\/willizblog.de\/?p=4851\" class=\"more-link\"><span class=\"screen-reader-text\">Attraktiv, schnell, erfolgreich<\/span> weiterlesen <span class=\"meta-nav\">&rarr;<\/span><\/a><\/p>\n","protected":false},"author":1,"featured_media":0,"comment_status":"open","ping_status":"open","sticky":false,"template":"","format":"standard","meta":[],"categories":[39],"tags":[],"_links":{"self":[{"href":"https:\/\/willizblog.de\/index.php?rest_route=\/wp\/v2\/posts\/4851"}],"collection":[{"href":"https:\/\/willizblog.de\/index.php?rest_route=\/wp\/v2\/posts"}],"about":[{"href":"https:\/\/willizblog.de\/index.php?rest_route=\/wp\/v2\/types\/post"}],"author":[{"embeddable":true,"href":"https:\/\/willizblog.de\/index.php?rest_route=\/wp\/v2\/users\/1"}],"replies":[{"embeddable":true,"href":"https:\/\/willizblog.de\/index.php?rest_route=%2Fwp%2Fv2%2Fcomments&post=4851"}],"version-history":[{"count":0,"href":"https:\/\/willizblog.de\/index.php?rest_route=\/wp\/v2\/posts\/4851\/revisions"}],"wp:attachment":[{"href":"https:\/\/willizblog.de\/index.php?rest_route=%2Fwp%2Fv2%2Fmedia&parent=4851"}],"wp:term":[{"taxonomy":"category","embeddable":true,"href":"https:\/\/willizblog.de\/index.php?rest_route=%2Fwp%2Fv2%2Fcategories&post=4851"},{"taxonomy":"post_tag","embeddable":true,"href":"https:\/\/willizblog.de\/index.php?rest_route=%2Fwp%2Fv2%2Ftags&post=4851"}],"curies":[{"name":"wp","href":"https:\/\/api.w.org\/{rel}","templated":true}]}}