{"id":4873,"date":"2011-09-11T09:10:12","date_gmt":"2011-09-11T08:10:12","guid":{"rendered":"http:\/\/www.willizblog.de\/?p=4873"},"modified":"2011-09-09T10:18:19","modified_gmt":"2011-09-09T09:18:19","slug":"10-jahre-911","status":"publish","type":"post","link":"https:\/\/willizblog.de\/?p=4873","title":{"rendered":"10 Jahre 9\/11"},"content":{"rendered":"<p>Der <a href=\"https:\/\/de.wikipedia.org\/wiki\/Terroranschl%C3%A4ge_am_11._September_2001\" target=\"_blank\">11. September 2001<\/a> war ein Dienstag, ein normaler Arbeitstag f\u00fcr mich. Um 9 Uhr gab eine Arbeitskollegin Fr\u00fchst\u00fcck zu ihrem Geburtstag aus. Da rief nachmittags, die genaue Uhrzeit wei\u00df ich nicht mehr, die Frau eines Arbeitskollegen an <em>\u201eund berichtet von Nachrichten: in New York sind zwei Flugzeuge ins World Trade Center gerauscht, au\u00dferdem ein Brandanschlag aufs Pentagon &#8211; das Wei\u00dfe Haus ist evakuiert &#8211; wir gucken im Internet, ARD\/ZDF aber schon \u00fcberlastet, dann Bild.de &#8218;entsprechende&#8216; Meldung finden &#8230;\u201c<\/em>.<\/p>\n<p>Gegen 17 Uhr 45 war ich dann zu Hause \u2013 der \u00e4ltere meiner S\u00f6hne war zu einer Geburtstagsfeier von einem Freund, meine Frau blieb den Abend zu Hause, da der j\u00fcngere unserer S\u00f6hne stark erk\u00e4ltet war (au\u00dferdem regnete es in einer Tour). Wir guckten am sp\u00e4ten Nachmittag Fernsehen, <em>\u201eso auch wg. Terroranschlag in den USA gucken (Dauernachrichten auf fast allen Sendern): die zwei T\u00fcrme des World Trade Centers und das Pentagon wurden durch entf\u00fchrte Passagiermaschinen regelrecht bombardiert &#8211; inzw. sind beide 110 Stocke hohen T\u00fcrme in sich kollabiert &#8211; ganz Manhattan ist in eine riesigen Staubwolke geh\u00fcllt &#8211; au\u00dferdem ist in Pittsburgh eine Passagiermaschine in dem Flughafen gerast (war diese f\u00fcr das Wei\u00dfe Haus bestimmt?!) &#8211; Ausma\u00df ist nicht absehbar &#8211; aber die Toten wird man wohl in Tausenden z\u00e4hlen m\u00fcssen &#8211; au\u00dferdem Autobombe gegen das Au\u00dfenministerium usw.: also eine gro\u00dfangelegte Terroraktion!\u201c<\/em><\/p>\n<p>Am n\u00e4chsten Tag, so notierte ich mir: <em>\u201eNachrichten gucken wg. Terroranschlag wieder den ganzen Tag &#8230; erste Hinweise liegen vor und deuten Richtung Bin Laden.\u201c<\/em><\/p>\n<p><img src=\"http:\/\/www.heute.de\/ZDFheute\/s_img\/43\/0,6994,7221419-render-Y2-,00.jpg\" alt=\"9\/11\" \/><\/p>\n<p>Der <a href=\"http:\/\/www.heute.de\/ZDFheute\/inhalt\/24\/0,3672,8312248,00.html\" target=\"_blank\">11. September vor zehn Jahren<\/a> hat die Welt ver\u00e4ndert. Nat\u00fcrlich nicht unser pers\u00f6nliches Leben, daf\u00fcr sind Krieg und Terror zu weit von uns entfernt. Oder auch nicht. Von uns in Tostedt zur <a href=\"https:\/\/de.wikipedia.org\/wiki\/Technische_Universit%C3%A4t_Hamburg-Harburg\" target=\"_blank\">TU in Hamburg-Harburg<\/a> sind es mit dem Auto gut eine halbe Stunde Fahrzeit f\u00fcr die 37 bis 38 km. Dort studierte unter dem Namen Mohamed el-Amir von 1992 bis 1999 ein gewisser <a href=\"https:\/\/de.wikipedia.org\/wiki\/Mohammed_Atta\" target=\"_blank\">Mohammed Atta<\/a>, einer der f\u00fchrenden <a href=\"https:\/\/de.wikipedia.org\/wiki\/American-Airlines-Flug_11\" target=\"_blank\">Flugzeugentf\u00fchrer vom 11. September<\/a>.<\/p>\n<p>Politisch hat sich die Welt aber stark ver\u00e4ndert. Der Kampf gegen die <a href=\"https:\/\/de.wikipedia.org\/wiki\/Achse_des_B%C3%B6sen\" target=\"_blank\">Achse des B\u00f6sen<\/a>, \u00fcberhaupt gegen den Terror, brachte <a href=\"https:\/\/www.albinz.net\/george_w_bush.html\" target=\"_blank\">George W. Bush<\/a> weitere f\u00fcnf Jahre Amtszeit ein. Und manche behaupten, dass <a href=\"https:\/\/de.wikipedia.org\/wiki\/Barack_Obama\" target=\"_blank\">Barack Obama<\/a> heute nicht US-Pr\u00e4sident w\u00e4re \u2013 ohne den 11. September. Alles w\u00e4re anders gekommen &#8230;<\/p>\n<p>9\/11, nine-eleven \u2013 wie man in den USA sagt: Der Tag wird geliebt von <a href=\"http:\/\/www.heute.de\/ZDFheute\/inhalt\/11\/0,3672,8343307,00.html\" target=\"_blank\">Verschw\u00f6rungstheoretikern<\/a>. Steckt wirklich <a href=\"https:\/\/de.wikipedia.org\/wiki\/Al-Qaida\" target=\"_blank\">Al-Kaida<\/a> hinter den Anschl\u00e4gen von 9\/11? Oder wurde alles vom <a href=\"https:\/\/de.wikipedia.org\/wiki\/Central_Intelligence_Agency\" target=\"_blank\">CIA<\/a> inszeniert, der sich auch sonst nicht zimperlich zeigt, wenn es darum geht, die Weltgleichgewichte zugunsten der USA zu richten. Das Verschw\u00f6rungsdenken hat be\u00e4ngstigende Ausnahme angenommen, dass 2008 sogar jeder Vierte in Deutschland glaubte, die USA oder Israel w\u00e4ren die Drahtzieher des 11. September.<\/p>\n<p>Ich erinnere mich noch an den Tag vor zehn Jahren. Vor dem Entsetzen machten sich zun\u00e4chst Erstaunen und Ungl\u00e4ubigkeit breit. Wie kann ein Flugzeug in einen Wolkenkratzer st\u00fctzen? Und dann waren es pl\u00f6tzlich sogar zwei. Und nat\u00fcrlich der Gedanke: Wie gut, dass das nicht bei uns passiert ist. Irgendwie insgeheim dachte man damals auch: Endlich haben die Amerikaner ihren Krieg auch einmal in ihrem eigenen Land &#8230;<\/p>\n<p>Bilderserie bei zdf.de: <a href=\"http:\/\/www.zdf.de\/ZDFmediathek\/content\/1419004\" target=\"_blank\">Neues Herz f\u00fcr Manhattan<\/a> (<a href=\"https:\/\/de.wikipedia.org\/wiki\/World_Trade_Center_Site\" target=\"_blank\">Ground Zero<\/a> heute)<\/p>\n","protected":false},"excerpt":{"rendered":"<p>Der 11. September 2001 war ein Dienstag, ein normaler Arbeitstag f\u00fcr mich. Um 9 Uhr gab eine Arbeitskollegin Fr\u00fchst\u00fcck zu ihrem Geburtstag aus. Da rief nachmittags, die genaue Uhrzeit wei\u00df ich nicht mehr, die Frau eines Arbeitskollegen an \u201eund berichtet von Nachrichten: in New York sind zwei Flugzeuge ins World Trade Center gerauscht, au\u00dferdem ein &hellip; <a href=\"https:\/\/willizblog.de\/?p=4873\" class=\"more-link\"><span class=\"screen-reader-text\">10 Jahre 9\/11<\/span> weiterlesen <span class=\"meta-nav\">&rarr;<\/span><\/a><\/p>\n","protected":false},"author":1,"featured_media":0,"comment_status":"open","ping_status":"open","sticky":false,"template":"","format":"standard","meta":[],"categories":[12,20],"tags":[],"_links":{"self":[{"href":"https:\/\/willizblog.de\/index.php?rest_route=\/wp\/v2\/posts\/4873"}],"collection":[{"href":"https:\/\/willizblog.de\/index.php?rest_route=\/wp\/v2\/posts"}],"about":[{"href":"https:\/\/willizblog.de\/index.php?rest_route=\/wp\/v2\/types\/post"}],"author":[{"embeddable":true,"href":"https:\/\/willizblog.de\/index.php?rest_route=\/wp\/v2\/users\/1"}],"replies":[{"embeddable":true,"href":"https:\/\/willizblog.de\/index.php?rest_route=%2Fwp%2Fv2%2Fcomments&post=4873"}],"version-history":[{"count":0,"href":"https:\/\/willizblog.de\/index.php?rest_route=\/wp\/v2\/posts\/4873\/revisions"}],"wp:attachment":[{"href":"https:\/\/willizblog.de\/index.php?rest_route=%2Fwp%2Fv2%2Fmedia&parent=4873"}],"wp:term":[{"taxonomy":"category","embeddable":true,"href":"https:\/\/willizblog.de\/index.php?rest_route=%2Fwp%2Fv2%2Fcategories&post=4873"},{"taxonomy":"post_tag","embeddable":true,"href":"https:\/\/willizblog.de\/index.php?rest_route=%2Fwp%2Fv2%2Ftags&post=4873"}],"curies":[{"name":"wp","href":"https:\/\/api.w.org\/{rel}","templated":true}]}}