{"id":4876,"date":"2011-09-12T09:10:46","date_gmt":"2011-09-12T08:10:46","guid":{"rendered":"http:\/\/www.willizblog.de\/?p=4876"},"modified":"2011-09-13T07:17:02","modified_gmt":"2011-09-13T06:17:02","slug":"kommunalwahl-2011-in-niedersachsen","status":"publish","type":"post","link":"https:\/\/willizblog.de\/?p=4876","title":{"rendered":"Kommunalwahl 2011 in Niedersachsen"},"content":{"rendered":"<p>Gestern am 11. September 2011 fanden die <a href=\"http:\/\/www.ndr.de\/regional\/niedersachsen\/kommunalwahlen_2011\/wahl741.html\" target=\"_blank\">Kommunalwahlen in Niedersachsen<\/a> statt. Trotz Verlusten bleibt die CDU st\u00e4rkste Kraft im Land: 37,0 Prozent der W\u00e4hler stimmten in kreisfreien St\u00e4dten und in den Landkreisen sowie in der Region Hannover f\u00fcr die Christdemokraten. Vor f\u00fcnf Jahren waren es mehr als 41 Prozent gewesen. F\u00fcr die SPD stimmten 34,9 Prozent, 1,7 Prozentpunkte weniger als 2006. Die Gr\u00fcnen legten mit 14,3 Prozent (7,8) deutlich zu, wo hingegen die FDP um 3,3 Prozentpunkte auf 3,4 Prozent abrutschte. Die Linke konnte mit 1,5 Prozentpunkten einen leichten Zuwachs auf 2,4 Prozent erreichen.<\/p>\n<p>&#8222;Ganz \u00fcberwiegend gibt es sehr viel Licht f\u00fcr die CDU in Niedersachsen&#8220;, bewertete CDU-Chef und Ministerpr\u00e4sident McAllister die Wahl. Das d\u00fcrften einige B\u00fcrgermeisterkandidaten seiner Partei sicherlich anders sehen: Die Oberb\u00fcrgermeisterwahl in Wolfsburg hat SPD-Kandidat Klaus Dieter Mohrs gewonnen &#8211; deutlich vor Mitbewerberin und Ex-Kultusministerin Elisabeth Heister-Neumann (CDU).<\/p>\n<p>Erfreulich ist ohne Zweifel die wieder gestiegene Wahlbeteiligung. Hier <a href=\"http:\/\/www.aktuelle-wahlen-niedersachsen.de\/KW2011\/kommunalwahlen_2011.html\" target=\"_blank\">die Ergebnisse<\/a> f\u00fcr meinen Wahlkreis, den Landkreis Harburg. Dabei ist zu bedenken, dass es z.B. in meinem Wohnort insgesamt drei Wahlen gab, die zum Gemeinderat, die zum Samtgemeinderat und die zum Kreistag.<\/p>\n<table border=\"0\" cellpadding=\"4\" cellspacing=\"0\" width=\"100%\">\n<tr>\n<td width=\"100%\" colspan=\"5\">\n<p align=\"center\"><font face=\"Lucida Grande, Lucida Sans Unicode, Verdana, sans-serif\" size=\"2\"><b>Kommunalwahl Landkreis Harburg<\/b><\/font><\/td>\n<\/tr>\n<tr>\n<td width=\"20%\"><font face=\"Lucida Grande, Lucida Sans Unicode, Verdana, sans-serif\" size=\"2\"><b>Kreistag<\/b><\/font><\/td>\n<td width=\"20%\">&nbsp;<\/td>\n<td width=\"20%\">&nbsp;<\/td>\n<td width=\"20%\"><font face=\"Lucida Grande, Lucida Sans Unicode, Verdana, sans-serif\" size=\"2\"><b>Gemeinden<\/b><\/font><\/td>\n<td width=\"20%\">&nbsp;<\/td>\n<\/tr>\n<tr>\n<td width=\"20%\">&nbsp;<\/td>\n<td width=\"20%\"><font face=\"Lucida Grande, Lucida Sans Unicode, Verdana, sans-serif\" size=\"2\"><b>2011<\/b><\/font><\/td>\n<td width=\"20%\"><font face=\"Lucida Grande, Lucida Sans Unicode, Verdana, sans-serif\" size=\"2\">2006<\/font><\/td>\n<td width=\"20%\"><font face=\"Lucida Grande, Lucida Sans Unicode, Verdana, sans-serif\" size=\"2\"><b>2011<\/b><\/font><\/td>\n<td width=\"20%\"><font face=\"Lucida Grande, Lucida Sans Unicode, Verdana, sans-serif\" size=\"2\">2006<\/font><\/td>\n<\/tr>\n<tr>\n<td width=\"20%\"><font face=\"Lucida Grande, Lucida Sans Unicode, Verdana, sans-serif\" size=\"2\">CDU<\/font><\/td>\n<td width=\"20%\"><font face=\"Lucida Grande, Lucida Sans Unicode, Verdana, sans-serif\" size=\"2\">38,0<\/font><\/td>\n<td width=\"20%\"><font face=\"Lucida Grande, Lucida Sans Unicode, Verdana, sans-serif\" size=\"2\">42,8<\/font><\/td>\n<td width=\"20%\"><font face=\"Lucida Grande, Lucida Sans Unicode, Verdana, sans-serif\" size=\"2\">34,5<\/font><\/td>\n<td width=\"20%\"><font face=\"Lucida Grande, Lucida Sans Unicode, Verdana, sans-serif\" size=\"2\">38,0<\/font><\/td>\n<\/tr>\n<tr>\n<td width=\"20%\"><font face=\"Lucida Grande, Lucida Sans Unicode, Verdana, sans-serif\" size=\"2\">SPD<\/font><\/td>\n<td width=\"20%\"><font face=\"Lucida Grande, Lucida Sans Unicode, Verdana, sans-serif\" size=\"2\">30,1<\/font><\/td>\n<td width=\"20%\"><font face=\"Lucida Grande, Lucida Sans Unicode, Verdana, sans-serif\" size=\"2\">28,7<\/font><\/td>\n<td width=\"20%\"><font face=\"Lucida Grande, Lucida Sans Unicode, Verdana, sans-serif\" size=\"2\">28,6<\/font><\/td>\n<td width=\"20%\"><font face=\"Lucida Grande, Lucida Sans Unicode, Verdana, sans-serif\" size=\"2\">27,4<\/font><\/td>\n<\/tr>\n<tr>\n<td width=\"20%\"><font face=\"Lucida Grande, Lucida Sans Unicode, Verdana, sans-serif\" size=\"2\">Gr\u00fcne<\/font><\/td>\n<td width=\"20%\"><font face=\"Lucida Grande, Lucida Sans Unicode, Verdana, sans-serif\" size=\"2\">16,6<\/font><\/td>\n<td width=\"20%\"><font face=\"Lucida Grande, Lucida Sans Unicode, Verdana, sans-serif\" size=\"2\">9,3<\/font><\/td>\n<td width=\"20%\"><font face=\"Lucida Grande, Lucida Sans Unicode, Verdana, sans-serif\" size=\"2\">12,3<\/font><\/td>\n<td width=\"20%\"><font face=\"Lucida Grande, Lucida Sans Unicode, Verdana, sans-serif\" size=\"2\">6,3<\/font><\/td>\n<\/tr>\n<tr>\n<td width=\"20%\"><font face=\"Lucida Grande, Lucida Sans Unicode, Verdana, sans-serif\" size=\"2\">FDP<\/font><\/td>\n<td width=\"20%\"><font face=\"Lucida Grande, Lucida Sans Unicode, Verdana, sans-serif\" size=\"2\">4,2<\/font><\/td>\n<td width=\"20%\"><font face=\"Lucida Grande, Lucida Sans Unicode, Verdana, sans-serif\" size=\"2\">9,3<\/font><\/td>\n<td width=\"20%\"><font face=\"Lucida Grande, Lucida Sans Unicode, Verdana, sans-serif\" size=\"2\">3,3<\/font><\/td>\n<td width=\"20%\"><font face=\"Lucida Grande, Lucida Sans Unicode, Verdana, sans-serif\" size=\"2\">6,6<\/font><\/td>\n<\/tr>\n<tr>\n<td width=\"20%\"><font face=\"Lucida Grande, Lucida Sans Unicode, Verdana, sans-serif\" size=\"2\">Linke<\/font><\/td>\n<td width=\"20%\"><font face=\"Lucida Grande, Lucida Sans Unicode, Verdana, sans-serif\" size=\"2\">1,9<\/font><\/td>\n<td width=\"20%\"><font face=\"Lucida Grande, Lucida Sans Unicode, Verdana, sans-serif\" size=\"2\">2,2<\/font><\/td>\n<td width=\"20%\"><font face=\"Lucida Grande, Lucida Sans Unicode, Verdana, sans-serif\" size=\"2\">1,3<\/font><\/td>\n<td width=\"20%\"><font face=\"Lucida Grande, Lucida Sans Unicode, Verdana, sans-serif\" size=\"2\">&nbsp;<\/font><\/td>\n<\/tr>\n<tr>\n<td width=\"20%\"><font face=\"Lucida Grande, Lucida Sans Unicode, Verdana, sans-serif\" size=\"2\">WG<\/font><\/td>\n<td width=\"20%\"><font face=\"Lucida Grande, Lucida Sans Unicode, Verdana, sans-serif\" size=\"2\">7,5<\/font><\/td>\n<td width=\"20%\"><font face=\"Lucida Grande, Lucida Sans Unicode, Verdana, sans-serif\" size=\"2\">7,6<\/font><\/td>\n<td width=\"20%\"><font face=\"Lucida Grande, Lucida Sans Unicode, Verdana, sans-serif\" size=\"2\">18,4<\/font><\/td>\n<td width=\"20%\"><font face=\"Lucida Grande, Lucida Sans Unicode, Verdana, sans-serif\" size=\"2\">20,7<\/font><\/td>\n<\/tr>\n<tr>\n<td width=\"20%\"><font face=\"Lucida Grande, Lucida Sans Unicode, Verdana, sans-serif\" size=\"2\"><b>Wahlbet.<\/b><\/font><\/td>\n<td width=\"20%\"><font face=\"Lucida Grande, Lucida Sans Unicode, Verdana, sans-serif\" size=\"2\"><b>54,2<\/b><\/font><\/td>\n<td width=\"20%\"><font face=\"Lucida Grande, Lucida Sans Unicode, Verdana, sans-serif\" size=\"2\"><b>49,6<\/b><\/font><\/td>\n<td width=\"20%\"><font face=\"Lucida Grande, Lucida Sans Unicode, Verdana, sans-serif\" size=\"2\"><b>54,5<\/b><\/font><\/td>\n<td width=\"20%\"><font face=\"Lucida Grande, Lucida Sans Unicode, Verdana, sans-serif\" size=\"2\"><b>49,7<\/b><\/font><\/td>\n<\/tr>\n<\/table>\n<p><em>Fragw\u00fcrdig ist<\/em> die gesetzliche Regelung des Wahlrechts. Danach ist wahlberechtigt u.a. der, der seit mindestens drei Monaten im jeweiligen Wahlgebiet, in dem dieser w\u00e4hlen will, seinen Wohnsitz hat. Mein \u00e4ltester Sohn lebt nun seit \u00fcber 16 Jahren in Niedersachsen, durfte aber an dieser Kommunalwahl nicht teilnehmen. Warum? Seit fast einem Jahr wohnt er in G\u00f6ttingen. Als ersten Wohnsitz hatte er weiterhin Tostedt gemeldet. Nun hat er sich vor zwei Monaten umgemeldet und G\u00f6ttingen als ersten Wohnsitz gew\u00e4hlt. Es greift die 3-Monatsregelung.<\/p>\n<p><strong>Nachtrag:<\/strong> Einzelergebnisse f\u00fcr Landkreis Harburg mit allen Ergebnissen f\u00fcr Tostedt auf <a href=\"http:\/\/www.tostedt.de\/internet\/page.php?site=14&#038;id=912000624\" target=\"_blank\">tostedt.de<\/a><\/p>\n","protected":false},"excerpt":{"rendered":"<p>Gestern am 11. September 2011 fanden die Kommunalwahlen in Niedersachsen statt. Trotz Verlusten bleibt die CDU st\u00e4rkste Kraft im Land: 37,0 Prozent der W\u00e4hler stimmten in kreisfreien St\u00e4dten und in den Landkreisen sowie in der Region Hannover f\u00fcr die Christdemokraten. Vor f\u00fcnf Jahren waren es mehr als 41 Prozent gewesen. F\u00fcr die SPD stimmten 34,9 &hellip; <a href=\"https:\/\/willizblog.de\/?p=4876\" class=\"more-link\"><span class=\"screen-reader-text\">Kommunalwahl 2011 in Niedersachsen<\/span> weiterlesen <span class=\"meta-nav\">&rarr;<\/span><\/a><\/p>\n","protected":false},"author":1,"featured_media":0,"comment_status":"open","ping_status":"open","sticky":false,"template":"","format":"standard","meta":[],"categories":[11,29],"tags":[],"_links":{"self":[{"href":"https:\/\/willizblog.de\/index.php?rest_route=\/wp\/v2\/posts\/4876"}],"collection":[{"href":"https:\/\/willizblog.de\/index.php?rest_route=\/wp\/v2\/posts"}],"about":[{"href":"https:\/\/willizblog.de\/index.php?rest_route=\/wp\/v2\/types\/post"}],"author":[{"embeddable":true,"href":"https:\/\/willizblog.de\/index.php?rest_route=\/wp\/v2\/users\/1"}],"replies":[{"embeddable":true,"href":"https:\/\/willizblog.de\/index.php?rest_route=%2Fwp%2Fv2%2Fcomments&post=4876"}],"version-history":[{"count":0,"href":"https:\/\/willizblog.de\/index.php?rest_route=\/wp\/v2\/posts\/4876\/revisions"}],"wp:attachment":[{"href":"https:\/\/willizblog.de\/index.php?rest_route=%2Fwp%2Fv2%2Fmedia&parent=4876"}],"wp:term":[{"taxonomy":"category","embeddable":true,"href":"https:\/\/willizblog.de\/index.php?rest_route=%2Fwp%2Fv2%2Fcategories&post=4876"},{"taxonomy":"post_tag","embeddable":true,"href":"https:\/\/willizblog.de\/index.php?rest_route=%2Fwp%2Fv2%2Ftags&post=4876"}],"curies":[{"name":"wp","href":"https:\/\/api.w.org\/{rel}","templated":true}]}}