{"id":4910,"date":"2011-09-18T09:10:19","date_gmt":"2011-09-18T08:10:19","guid":{"rendered":"http:\/\/www.willizblog.de\/?p=4910"},"modified":"2011-09-28T07:52:51","modified_gmt":"2011-09-28T06:52:51","slug":"rechtes-schattenland-1","status":"publish","type":"post","link":"https:\/\/willizblog.de\/?p=4910","title":{"rendered":"Rechtes Schattenland"},"content":{"rendered":"<p>Am Anfang der Woche erhielt ich folgende Mail aus Buchholz\/Nordheide:<\/p>\n<p><em>Hallo,<\/em> <\/p>\n<p><em>in der vorletzten Ausgabe des Nordheide Wochenblattes vom 07.09.2011 wird auf Seite 1 ein redaktioneller Beitrag \u00fcber EUCH und Ulrich Gra\u00df gebracht. Die Aktion gegen rechte B\u00fcrger u. Unternehmer ist ziemlich krass und versch\u00e4rft m.E. nur die politische Auseinandersetzung zwischen rechts und links. Die Auseinandersetzung muss demokratisch und politisch gef\u00fchrt werden ohne den politischen Gegner in das wirtschaftliche AUS zu treiben und ihn abh\u00e4ngig von staatlichen Transferleistungen zu machen. Die Rechten haben genauso wie die Linke das demokratische Recht, Ihre Meinungen zu sagen. Demokratie muss das aushalten. Demokratie lebt von Mehrheiten, die sich bilden und sicher wird sich keine rechte Mehrheit in Deutschland bilden. Oder ist Euer Vertrauen in unsere Demokratie so schlecht?<\/em><\/p>\n<p><em>Gruss &#8230;<\/em><\/p>\n<p>Es geht hierbei um diesen kleinen Artikel. Ausf\u00fchrlicher wurde \u00fcbrigens im <a href=\"http:\/\/www.abendblatt.de\/region\/harburg\/article2022143\/Mietklausel-soll-rechte-Laeden-in-Tostedt-verhindern.html\" target=\"_blank\">Hamburger Abendblatt<\/a> am 20.09.2011 berichtet: <a href=\"http:\/\/www.twitlonger.com\/show\/d3h2gm\" target=\"_blank\">Mietklausel soll rechte L\u00e4den in Tostedt verhindern<\/a> \u2013 Das Forum f\u00fcr Zivilcourage appelliert an Vermieter. Ein Zusatzparagraf im Mietvertrag soll eine K\u00fcndigung in Zukunft erleichtern.<\/p>\n<p><img src=\"https:\/\/www.willizblog.de\/blogpicts\/paragrafen_gegen_rechts.jpg\" alt=\"Kreiszeitung Nordheide Wochenblatt Nr. 36 vom 07.09.2011\/40. Jg.\"  title=\"Kreiszeitung Nordheide Wochenblatt Nr. 36 vom 07.09.2011\/40. Jg.\"\/><br \/>\nKreiszeitung Nordheide Wochenblatt Nr. 36 vom 07.09.2011\/40. Jg.<\/p>\n<p>Ich habe auf die Mail wie folgt geantwortet:<\/p>\n<p><em>Hallo Herr &#8230;,<\/em><\/p>\n<p><em>den Artikel habe ich erst jetzt gelesen und halte die Aktion zwar f\u00fcr legitim, aber auch f\u00fcr ziemlich \u00fcberzogen. Nat\u00fcrlich muss die Auseinandersetzung mit den Rechten mit rechtstaatliche Mitteln gef\u00fchrt werden. Auch Rechte haben ein Recht auf freie Meinungs\u00e4u\u00dferung. Nur sind diffamierende Nazi-Parolen keine Meinungs\u00e4u\u00dferung mehr. Und der Aufruf zur Gewalt noch weniger. Das gilt \u00fcbrigens f\u00fcr links wie rechts. Bedenken Sie allerdings auch den Hintergrund: Es geht um Silar und seinen Laden. Hier wird nicht nur verkauft, sondern hier werden Jugendliche rekrutiert und zur Gewalt gegen Andersdenkende angestiftet. Leider hat es die halbherzige Politik nicht geschafft, f\u00fcr eine Schlie\u00dfung des Ladens zu sorgen. Jetzt schafft es die Justiz, wobei ich diesen Kuhhandel mit Herrn Silar alles andere als gut hei\u00dfe<\/em> [ein Urteil gegen den Neo-Nazi Silar wg. Landfriedensbruches wurde unter der Auflage, dass er seinen \u201aSzeneladen\u2019 schlie\u00dft, in eine Bew\u00e4hrungsstrafe umgewandelt]. <em>Ich denke, es geht nicht darum, \u201eden politischen Gegner in das wirtschaftliche AUS zu treiben\u201c. Es geht darum, der Gewalt vorzubeugen \u2013 notfalls auch mit etwas \u201aungew\u00f6hnlichen\u2019 Mitteln.<\/em><\/p>\n<p><em>Gru\u00df<br \/>\nWilli<\/em><\/p>\n<p>Warum schreibe ich das? Obwohl ich \u00fcber die rechte Szene in Tostedt <a href=\"https:\/\/www.willizblog.de\/?p=4294\" target=\"_blank\">in diesem Block<\/a> schon \u00f6fter berichtete, wunderte es mich schon, dass mir diese Mail zugesandt wurde. So ganz komme ich nicht hinter den Beweggrund des Schreibers. Will hier nur einer \u201aauskundschaften\u2019, wie ich zu dieser Aktion des <a href=\"http:\/\/www.buendnis-toleranz.de\/cms\/beitrag\/10029567\/425700\/\" target=\"_blank\">Forums f\u00fcr Zivilcourage<\/a> in Tostedt stehe (anfangs hei\u00dft es dort: <em>\u201e&#8230; wird &#8230; ein &#8230; Beitrag \u00fcber <strong>EUCH<\/strong> &#8230; gebracht.\u201c<\/em>)? Dem widerspricht die Einsicht: <em>\u201eDemokratie lebt von Mehrheiten, die sich bilden und sicher wird sich <strong>keine rechte Mehrheit in Deutschland bilden<\/strong>.\u201c<\/em><\/p>\n<p><img src=\"https:\/\/www.willizblog.de\/blogpicts\/rechtes_schattenland.jpg\" alt=\"Rechtes Schattenland\" title=\"Rechtes Schattenland\" \/><\/p>\n<p>Vom Letzteren gehe ich aus. Trotzdem besch\u00e4ftigt mich die rechte Szene und die Frage, welchen Reiz deren Gedankengut eigentlich auf Menschen hat. In meinem <a href=\"https:\/\/www.willizblog.de\/?p=4713\" target=\"_blank\">Beitrag \u00fcber den Massenmord in Norwegen<\/a> zitierte ich den Terrorismus-Experten des ZDF, Elmar Theve\u00dfen, und wiederhole <a href=\"http:\/\/blog.zdf.de\/zdfdasblog\/2011\/07\/24\/expertise-oder-spekulation\/\" target=\"_blank\">seine Aussage<\/a> hier noch einmal, in der er von einer Szene spricht, <em>\u201edie in den Krisen und Kriegen dieser Welt den gro\u00dfen Endkampf der Religionen \u2013 die Schlacht von Armageddon \u2013 wiederzuerkennen glaubt; die den Islam als das B\u00f6se und jeden Muslim als Feind ansieht. Und die jeden Europ\u00e4er, der f\u00fcr Toleranz und Offenheit zwischen den Religionen, den ethnischen Gruppen und gegen\u00fcber Zuwanderern eintritt, zum Verr\u00e4ter stempelt, der in der gro\u00dfen Schlacht sterben muss. Die Anh\u00e4nger dieser Theorien lesen B\u00fccher, in denen der Generalsekret\u00e4r der Vereinten Nationen der Antichrist ist, spielen christliche Ballerspiele, trainieren ihre Kinder f\u00fcr den Kampf und vernetzen sich quer durch Europa und die USA.\u201c<\/em><\/p>\n<p>Ganz so weit ausholen muss man wohl nicht, wenn man die Nazi-Szene in Tostedt betrachtet. Diese geben sich weniger \u201areligi\u00f6s\u2019, daf\u00fcr nationalistisch-sozialistisch (Ziel ist eine <a href=\"https:\/\/de.wikipedia.org\/wiki\/Volksgemeinschaft\" target=\"_blank\">Volksgemeinschaft<\/a> der Deutschen). Im Wesentlichen begn\u00fcgt man sich mit Gesp\u00f6tt und Denunzierungen des \u201apolitischen Gegners\u2019, wobei man auch demokratisch Gesinnte bei den Linksextremen einreiht. Und es geht nat\u00fcrlich um Einsch\u00fcchterungsversuche. Die einschl\u00e4gigen rechten Blogs (z.B. <a href=\"http:\/\/logr.org\/tostedtgegenlinks\/\" target=\"_blank\">logr.org\/tostedtgegenlinks<\/a>) werden fernab in den USA <a href=\"https:\/\/de.wikipedia.org\/wiki\/Host_%28Datenbankanbieter%29\" target=\"_blank\">gehostet<\/a>, um dem Zugriff deutscher Beh\u00f6rden zu entgehen. Au\u00dfer Herrn Silar bleiben die Herrschaften nat\u00fcrlich im Anonymen. Das Ganze wirkt eher spielerisch, w\u00e4ren da nicht die diversen kriminellen Handlungen (Landfriedensbruch, K\u00f6rperverletzung, Sachbesch\u00e4digung). Ich denke, die Herren betrachten sich als eine Art elit\u00e4rer Geheimbund. Nur will man nicht die ganze Welt, sondern nur ein \u201eDeutschland der Deutschen\u201c retten. Solch sp\u00e4tpubert\u00e4res Verhalten findet sich \u00fcbrigens viel in rechten Kreisen.<\/p>\n<p>Nun ich habe weiter im Internet recherchiert, das die rechte Szene nat\u00fcrlich zur Gen\u00fcge f\u00fcr sich ausnutzt. Da gibt es jede Menge selbst ernannte Kreuzz\u00fcgler und Tempelritter, die uns vor dem B\u00f6sen, dem Islam und den \u201aLiberalen\u2019 retten wollen. Es ist ein rechtes Schattenland, in dem viele unselige Geister spuken. Man k\u00f6nnte das be\u00e4ngstigend nennen. Ich pers\u00f6nlich finde das nur \u201akrank\u2019. F\u00fcr heute aber genug.<\/p>\n","protected":false},"excerpt":{"rendered":"<p>Am Anfang der Woche erhielt ich folgende Mail aus Buchholz\/Nordheide: Hallo, in der vorletzten Ausgabe des Nordheide Wochenblattes vom 07.09.2011 wird auf Seite 1 ein redaktioneller Beitrag \u00fcber EUCH und Ulrich Gra\u00df gebracht. Die Aktion gegen rechte B\u00fcrger u. Unternehmer ist ziemlich krass und versch\u00e4rft m.E. nur die politische Auseinandersetzung zwischen rechts und links. Die &hellip; <a href=\"https:\/\/willizblog.de\/?p=4910\" class=\"more-link\"><span class=\"screen-reader-text\">Rechtes Schattenland<\/span> weiterlesen <span class=\"meta-nav\">&rarr;<\/span><\/a><\/p>\n","protected":false},"author":1,"featured_media":0,"comment_status":"open","ping_status":"open","sticky":false,"template":"","format":"standard","meta":[],"categories":[12,11],"tags":[],"_links":{"self":[{"href":"https:\/\/willizblog.de\/index.php?rest_route=\/wp\/v2\/posts\/4910"}],"collection":[{"href":"https:\/\/willizblog.de\/index.php?rest_route=\/wp\/v2\/posts"}],"about":[{"href":"https:\/\/willizblog.de\/index.php?rest_route=\/wp\/v2\/types\/post"}],"author":[{"embeddable":true,"href":"https:\/\/willizblog.de\/index.php?rest_route=\/wp\/v2\/users\/1"}],"replies":[{"embeddable":true,"href":"https:\/\/willizblog.de\/index.php?rest_route=%2Fwp%2Fv2%2Fcomments&post=4910"}],"version-history":[{"count":0,"href":"https:\/\/willizblog.de\/index.php?rest_route=\/wp\/v2\/posts\/4910\/revisions"}],"wp:attachment":[{"href":"https:\/\/willizblog.de\/index.php?rest_route=%2Fwp%2Fv2%2Fmedia&parent=4910"}],"wp:term":[{"taxonomy":"category","embeddable":true,"href":"https:\/\/willizblog.de\/index.php?rest_route=%2Fwp%2Fv2%2Fcategories&post=4910"},{"taxonomy":"post_tag","embeddable":true,"href":"https:\/\/willizblog.de\/index.php?rest_route=%2Fwp%2Fv2%2Ftags&post=4910"}],"curies":[{"name":"wp","href":"https:\/\/api.w.org\/{rel}","templated":true}]}}