{"id":4926,"date":"2011-09-22T09:01:34","date_gmt":"2011-09-22T08:01:34","guid":{"rendered":"http:\/\/www.willizblog.de\/?p=4926"},"modified":"2011-09-21T08:40:22","modified_gmt":"2011-09-21T07:40:22","slug":"google-ab-sofort-fur-alle-offen","status":"publish","type":"post","link":"https:\/\/willizblog.de\/?p=4926","title":{"rendered":"Google+ ab sofort f\u00fcr alle offen"},"content":{"rendered":"<p>Mit rund 750 Millionen Mitgliedern ist <a href=\"http:\/\/de-de.facebook.com\/\" target=\"_blank\">Facebook<\/a> nach wie vor das weltgr\u00f6\u00dfte Online-Netzwerk. Aber jetzt bekommt das <a href=\"http:\/\/fratzenbuch.com\/\" target=\"_blank\">\u201aFratzenbuch\u2019<\/a> Konkurrent von <a href=\"http:\/\/plus.google.com\/\" target=\"_blank\">Google+<\/a> (plus). Ende Juni ging Suchmaschinenriese <a href=\"http:\/\/www.google.de\/\" target=\"_blank\">Google<\/a> mit seinem Online-Netzwerk Google+ an den Start &#8211; zun\u00e4chst in einer Testversion f\u00fcr ausgesuchte Nutzer. Jetzt ist der Testbetrieb vorbei: Google+ \u00f6ffnete seine virtuellen Tore. Ab sofort kann jeder das soziale Netzwerk aus dem Hause Google testen.<\/p>\n<p>In der Testphase hat Google+ Millionen Nutzer angezogen \u2013 \u201evor allem nat\u00fcrlich die sogenannten <a href=\"http:\/\/www.heute.de\/ZDFheute\/inhalt\/17\/0,3672,8353201,00.html\" target=\"_blank\">Early Adopters<\/a>, technikaffine Nutzer, die immer zu den Ersten geh\u00f6ren, die neue Dienste testen\u201c (bin ich wirklich technikaffin?).<\/p>\n<p><img src=\"https:\/\/www.willizblog.de\/blogpicts\/google_plus.jpg\" alt=\"Google+\" title=\"Google+\" \/><\/p>\n<p>Google+ bietet \u00e4hnlich wie Facebook jede Menge Funktionen, z.B. die Videochat-Funktion &#8222;Hangout&#8220;. \u00c4u\u00dferst n\u00fctzlich  ist auf jeden Fall die neue Suche, die Google seinem Netzwerk spendiert. Man tippt seine Anfrage in das Google+-Suchfeld ein und erh\u00e4lt relevante Ergebnisse zu Personen und Beitr\u00e4gen sowie beliebte Inhalte aus dem Web.<\/p>\n<p>Konkurrenz belegt das Gesch\u00e4ft. Nur ist man als Normalinternetnutzer schon anderweitig im sozialen Netz besch\u00e4ftigt. Also muss man langsam aber sicher Priorit\u00e4ten setzen. Facebook und Google+ (neben Twitter und all den anderen Diensten) wird zusammen zu viel, oder?<\/p>\n<p>Willi @ <a href=\"http:\/\/www.facebook.com\/people\/Willi-Albin\/100000213759626\" target=\"_blank\">facebook<\/a><br \/>\nWilli @ <a href=\"https:\/\/plus.google.com\/106090654950887633761\" target=\"_blank\">google+<\/a><\/p>\n","protected":false},"excerpt":{"rendered":"<p>Mit rund 750 Millionen Mitgliedern ist Facebook nach wie vor das weltgr\u00f6\u00dfte Online-Netzwerk. Aber jetzt bekommt das \u201aFratzenbuch\u2019 Konkurrent von Google+ (plus). Ende Juni ging Suchmaschinenriese Google mit seinem Online-Netzwerk Google+ an den Start &#8211; zun\u00e4chst in einer Testversion f\u00fcr ausgesuchte Nutzer. Jetzt ist der Testbetrieb vorbei: Google+ \u00f6ffnete seine virtuellen Tore. Ab sofort kann &hellip; <a href=\"https:\/\/willizblog.de\/?p=4926\" class=\"more-link\"><span class=\"screen-reader-text\">Google+ ab sofort f\u00fcr alle offen<\/span> weiterlesen <span class=\"meta-nav\">&rarr;<\/span><\/a><\/p>\n","protected":false},"author":1,"featured_media":0,"comment_status":"open","ping_status":"open","sticky":false,"template":"","format":"standard","meta":[],"categories":[8],"tags":[],"_links":{"self":[{"href":"https:\/\/willizblog.de\/index.php?rest_route=\/wp\/v2\/posts\/4926"}],"collection":[{"href":"https:\/\/willizblog.de\/index.php?rest_route=\/wp\/v2\/posts"}],"about":[{"href":"https:\/\/willizblog.de\/index.php?rest_route=\/wp\/v2\/types\/post"}],"author":[{"embeddable":true,"href":"https:\/\/willizblog.de\/index.php?rest_route=\/wp\/v2\/users\/1"}],"replies":[{"embeddable":true,"href":"https:\/\/willizblog.de\/index.php?rest_route=%2Fwp%2Fv2%2Fcomments&post=4926"}],"version-history":[{"count":0,"href":"https:\/\/willizblog.de\/index.php?rest_route=\/wp\/v2\/posts\/4926\/revisions"}],"wp:attachment":[{"href":"https:\/\/willizblog.de\/index.php?rest_route=%2Fwp%2Fv2%2Fmedia&parent=4926"}],"wp:term":[{"taxonomy":"category","embeddable":true,"href":"https:\/\/willizblog.de\/index.php?rest_route=%2Fwp%2Fv2%2Fcategories&post=4926"},{"taxonomy":"post_tag","embeddable":true,"href":"https:\/\/willizblog.de\/index.php?rest_route=%2Fwp%2Fv2%2Ftags&post=4926"}],"curies":[{"name":"wp","href":"https:\/\/api.w.org\/{rel}","templated":true}]}}