{"id":4934,"date":"2011-09-25T17:52:06","date_gmt":"2011-09-25T16:52:06","guid":{"rendered":"http:\/\/www.willizblog.de\/?p=4934"},"modified":"2011-09-25T17:52:14","modified_gmt":"2011-09-25T16:52:14","slug":"herbst-in-albinz-garten-%e2%80%93-september-2011","status":"publish","type":"post","link":"https:\/\/willizblog.de\/?p=4934","title":{"rendered":"Herbst in AlbinZ Garten \u2013 September 2011"},"content":{"rendered":"<p>Ein solches Wetter l\u00e4dt geradezu ein, das Laufbein zu schwingen. Bei noch frischen 10 bis 12 \u00b0C, bei erstem Sonnenschein und Windstille l\u00e4uft es sich mehr als angenehm. Und wenn ich so wie heute Morgen meine gut 10 km im Laufschritt zur\u00fccklege, der K\u00f6rper am Ende vermehrt <a href=\"https:\/\/de.wikipedia.org\/wiki\/Endorphine\" target=\"_blank\">Endorphine<\/a> und <a href=\"https:\/\/de.wikipedia.org\/wiki\/Enkephalin\" target=\"_blank\">Enkephaline<\/a> bildet, die so genannten \u201eGl\u00fcckshormone&#8220;, also vom K\u00f6rper selbst produzierte <a href=\"https:\/\/de.wikipedia.org\/wiki\/Opioide\" target=\"_blank\">Opioide<\/a> mit morphinartiger Eigenschaft, dann ist das Wohlgef\u00fchl auch wissenschaftlich belegt.<\/p>\n<p><object classid=\"clsid:D27CDB6E-AE6D-11cf-96B8-444553540000\" width=\"540\" height=\"180\" codebase=\"http:\/\/download.macromedia.com\/pub\/shockwave\/cabs\/flash\/swflash.cab\"><param name=\"movie\" value=\"https:\/\/www.willizblog.de\/blogpicts\/slideshow.swf?file=https:\/\/www.willizblog.de\/blogpicts\/blumen201101.xml\" \/><param name=\"wmode\" value=\"transparent\" \/><embed width=\"540\" height=\"180\" src=\"https:\/\/www.willizblog.de\/blogpicts\/slideshow.swf?file=https:\/\/www.willizblog.de\/blogpicts\/blumen201101.xml\" type=\"application\/x-shockwave-flash\" pluginspage=\"http:\/\/www.macromedia.com\/go\/getflashplayer\" wmode=\"transparent\" \/><\/object><\/p>\n<p>Herbst, ich wiederhole mich, ist allein durch seine Farben f\u00fcr mich eine besondere Jahreszeit. Scheint dazu die Sonne und l\u00e4sst die Farben noch deutlicher hervortreten, dann verst\u00e4rkt sich jegliches Wohlgef\u00fchl. Und wie zu jede Jahreszeit, so bl\u00fchen auch zu dieser Zeit bestimmte Blumenarten wie die <a href=\"https:\/\/de.wikipedia.org\/wiki\/Astern\" target=\"_blank\">Astern<\/a> oder <a href=\"https:\/\/de.wikipedia.org\/wiki\/Chrysanthemen\" target=\"_blank\">Chrysanthemen<\/a>.<\/p>\n","protected":false},"excerpt":{"rendered":"<p>Ein solches Wetter l\u00e4dt geradezu ein, das Laufbein zu schwingen. Bei noch frischen 10 bis 12 \u00b0C, bei erstem Sonnenschein und Windstille l\u00e4uft es sich mehr als angenehm. Und wenn ich so wie heute Morgen meine gut 10 km im Laufschritt zur\u00fccklege, der K\u00f6rper am Ende vermehrt Endorphine und Enkephaline bildet, die so genannten \u201eGl\u00fcckshormone&#8220;, &hellip; <a href=\"https:\/\/willizblog.de\/?p=4934\" class=\"more-link\"><span class=\"screen-reader-text\">Herbst in AlbinZ Garten \u2013 September 2011<\/span> weiterlesen <span class=\"meta-nav\">&rarr;<\/span><\/a><\/p>\n","protected":false},"author":1,"featured_media":0,"comment_status":"open","ping_status":"open","sticky":false,"template":"","format":"standard","meta":[],"categories":[16,4],"tags":[],"_links":{"self":[{"href":"https:\/\/willizblog.de\/index.php?rest_route=\/wp\/v2\/posts\/4934"}],"collection":[{"href":"https:\/\/willizblog.de\/index.php?rest_route=\/wp\/v2\/posts"}],"about":[{"href":"https:\/\/willizblog.de\/index.php?rest_route=\/wp\/v2\/types\/post"}],"author":[{"embeddable":true,"href":"https:\/\/willizblog.de\/index.php?rest_route=\/wp\/v2\/users\/1"}],"replies":[{"embeddable":true,"href":"https:\/\/willizblog.de\/index.php?rest_route=%2Fwp%2Fv2%2Fcomments&post=4934"}],"version-history":[{"count":0,"href":"https:\/\/willizblog.de\/index.php?rest_route=\/wp\/v2\/posts\/4934\/revisions"}],"wp:attachment":[{"href":"https:\/\/willizblog.de\/index.php?rest_route=%2Fwp%2Fv2%2Fmedia&parent=4934"}],"wp:term":[{"taxonomy":"category","embeddable":true,"href":"https:\/\/willizblog.de\/index.php?rest_route=%2Fwp%2Fv2%2Fcategories&post=4934"},{"taxonomy":"post_tag","embeddable":true,"href":"https:\/\/willizblog.de\/index.php?rest_route=%2Fwp%2Fv2%2Ftags&post=4934"}],"curies":[{"name":"wp","href":"https:\/\/api.w.org\/{rel}","templated":true}]}}