{"id":495,"date":"2006-05-26T14:25:45","date_gmt":"2006-05-26T12:25:45","guid":{"rendered":"http:\/\/www.albinz.de\/blog\/?p=495"},"modified":"2006-05-23T14:29:38","modified_gmt":"2006-05-23T12:29:38","slug":"fotoblog-berlin-guide","status":"publish","type":"post","link":"https:\/\/willizblog.de\/?p=495","title":{"rendered":"Fotoblog &#8211; Berlin Guide"},"content":{"rendered":"<p>In Berlin bin ich geboren worden. Das ist angesichts meines Alters schon l\u00e4ngere Zeit her. Es war an einem eisig-kalten Wintertag &#8211; im Februar, um genau zu sein, fast genau. Das ist auch\u00a0dann fast alles, was mich mit dieser Stadt verbindet. Fr\u00fch schon zog es meine Eltern und damit mich in eine s\u00fcdlichere Gegend &#8211; dann weiter nach Norden als Berlin, n\u00e4mlich nach Bremen. Und sp\u00e4ter \u00fcber Hamburg nach hier, wo ich jetzt mit meinen Lieben wohne &#8230;<\/p>\n<p>Aber es ist doch noch etwas mehr als das Geborensein, was mich mit Berlin verbindet. Irgendwie hat mich diese Stadt immer schon und dann immer wieder aufs Neue fasziniert. Und wenn ich auf Bilder im Internet treffe, wie in dem <a title=\"Berlin Guide\" href=\"http:\/\/bgui.de\/\" target=\"_blank\">Fotoblog Berlin Guide<\/a> von einem gewissen Grapf, der \u00fcbrigens nicht in Berlin wohnt, sondern in G\u00f6ttingen (aber vielleicht lebt er ja in Berlin), dann tun sich alte neue Sehns\u00fcchte nach dieser Stadt auf.<\/p>\n<p><img title=\"Berlin Friedrichstra\u00dfe\" alt=\"Berlin Friedrichstra\u00dfe\" src=\"https:\/\/www.willizblog.de\/albpics\/berlin_friedrichstrasse.jpg\" \/><\/p>\n<p>siehe auch <a title=\"AlbinZ Berlin\" href=\"https:\/\/www.albinz.net\/berlin.html\" target=\"_blank\">unsere Berlin-Seite<\/a><\/p>\n","protected":false},"excerpt":{"rendered":"<p>In Berlin bin ich geboren worden. Das ist angesichts meines Alters schon l\u00e4ngere Zeit her. Es war an einem eisig-kalten Wintertag &#8211; im Februar, um genau zu sein, fast genau. Das ist auch\u00a0dann fast alles, was mich mit dieser Stadt verbindet. Fr\u00fch schon zog es meine Eltern und damit mich in eine s\u00fcdlichere Gegend &#8211; &hellip; <a href=\"https:\/\/willizblog.de\/?p=495\" class=\"more-link\"><span class=\"screen-reader-text\">Fotoblog &#8211; Berlin Guide<\/span> weiterlesen <span class=\"meta-nav\">&rarr;<\/span><\/a><\/p>\n","protected":false},"author":1,"featured_media":0,"comment_status":"closed","ping_status":"closed","sticky":false,"template":"","format":"standard","meta":[],"categories":[20],"tags":[],"_links":{"self":[{"href":"https:\/\/willizblog.de\/index.php?rest_route=\/wp\/v2\/posts\/495"}],"collection":[{"href":"https:\/\/willizblog.de\/index.php?rest_route=\/wp\/v2\/posts"}],"about":[{"href":"https:\/\/willizblog.de\/index.php?rest_route=\/wp\/v2\/types\/post"}],"author":[{"embeddable":true,"href":"https:\/\/willizblog.de\/index.php?rest_route=\/wp\/v2\/users\/1"}],"replies":[{"embeddable":true,"href":"https:\/\/willizblog.de\/index.php?rest_route=%2Fwp%2Fv2%2Fcomments&post=495"}],"version-history":[{"count":0,"href":"https:\/\/willizblog.de\/index.php?rest_route=\/wp\/v2\/posts\/495\/revisions"}],"wp:attachment":[{"href":"https:\/\/willizblog.de\/index.php?rest_route=%2Fwp%2Fv2%2Fmedia&parent=495"}],"wp:term":[{"taxonomy":"category","embeddable":true,"href":"https:\/\/willizblog.de\/index.php?rest_route=%2Fwp%2Fv2%2Fcategories&post=495"},{"taxonomy":"post_tag","embeddable":true,"href":"https:\/\/willizblog.de\/index.php?rest_route=%2Fwp%2Fv2%2Ftags&post=495"}],"curies":[{"name":"wp","href":"https:\/\/api.w.org\/{rel}","templated":true}]}}