{"id":4954,"date":"2011-09-29T09:02:02","date_gmt":"2011-09-29T08:02:02","guid":{"rendered":"http:\/\/www.willizblog.de\/?p=4954"},"modified":"2011-09-29T13:54:42","modified_gmt":"2011-09-29T12:54:42","slug":"flohmarkt-in-tostedt-2011-%e2%80%93-toster-markt","status":"publish","type":"post","link":"https:\/\/willizblog.de\/?p=4954","title":{"rendered":"Flohmarkt in Tostedt 2011 \u2013 T\u00f6ster Markt"},"content":{"rendered":"<p>Am Samstag, den 01.10., ist es im kleinen Tostedt &#8211; halbwegs zwischen Bremen und Hamburg &#8211; wieder soweit: <\/p>\n<p>Der gr\u00f6\u00dfte Flohmarkt Norddeutschlands ist ein absoluter H\u00f6hepunkt im regionalen Veranstaltungskalender. Die Aktion zieht nicht nur Besucher aus dem Umland an. Aussteller und G\u00e4ste kommen sogar aus dem benachbarten Ausland. D\u00e4nen, Holl\u00e4nder und Polen geh\u00f6ren seit vielen Jahren zum festen Bestandteil des <a href=\"http:\/\/www.werbekreis-tostedt.de\/aktionen\/toester-flohmarkt.html\" target=\"_blank\">T\u00f6ster Marktes<\/a> dazu. Rund 700 Aussteller bieten auf dem Flohmarkt auf ca. 6.580 Metern Standfrontfl\u00e4che ihre Waren an.<\/p>\n<p>Und die Wetteraussichten sind ja bestens: Sp\u00e4tsommerlich-warm und sonnig soll es werden. Also auf nach Tostedt &#8230;<\/p>\n<table border=\"0\" cellpadding=\"4\" cellspacing=\"0\" width=\"100%\">\n<tr>\n<td width=\"100%\">\n<p align=\"center\"><img loading=\"lazy\" border=\"0\" src=\"https:\/\/www.willizblog.de\/blogpicts\/tostedt_flohmarkt2010_04.jpg\" alt=\"Flohmarkt in Tostedt - T\u00f6ster Markt\" width=\"350\" height=\"263\"><\/td>\n<\/tr>\n<tr>\n<td width=\"100%\">\n<p align=\"center\"><font face=\"Lucida Grande, Lucida Sans Unicode, Verdana, sans-serif\" size=\"2\">Flohmarkt in Tostedt &#8211; T\u00f6ster Markt<br \/>\nBilder aus den Jahren 2001, 2004, 2006, 2007, 2009 und 2010<\/font><\/td>\n<\/tr>\n<tr>\n<td width=\"100%\">\n<p align=\"center\"><object classid=\"clsid:D27CDB6E-AE6D-11cf-96B8-444553540000\" width=\"350\" height=\"260\" codebase=\"http:\/\/download.macromedia.com\/pub\/shockwave\/cabs\/flash\/swflash.cab\"><param name=\"movie\" value=\"https:\/\/www.willizblog.de\/blogpicts\/slideshow.swf?file=https:\/\/www.willizblog.de\/blogpicts\/flohmarkt.xml\" \/><param name=\"wmode\" value=\"transparent\" \/><embed width=\"350\" height=\"260\" src=\"https:\/\/www.willizblog.de\/blogpicts\/slideshow.swf?file=https:\/\/www.willizblog.de\/blogpicts\/flohmarkt.xml\" type=\"application\/x-shockwave-flash\" pluginspage=\"http:\/\/www.macromedia.com\/go\/getflashplayer\" wmode=\"transparent\" \/><\/object><\/td>\n<\/tr>\n<\/table>\n","protected":false},"excerpt":{"rendered":"<p>Am Samstag, den 01.10., ist es im kleinen Tostedt &#8211; halbwegs zwischen Bremen und Hamburg &#8211; wieder soweit: Der gr\u00f6\u00dfte Flohmarkt Norddeutschlands ist ein absoluter H\u00f6hepunkt im regionalen Veranstaltungskalender. Die Aktion zieht nicht nur Besucher aus dem Umland an. Aussteller und G\u00e4ste kommen sogar aus dem benachbarten Ausland. D\u00e4nen, Holl\u00e4nder und Polen geh\u00f6ren seit vielen &hellip; <a href=\"https:\/\/willizblog.de\/?p=4954\" class=\"more-link\"><span class=\"screen-reader-text\">Flohmarkt in Tostedt 2011 \u2013 T\u00f6ster Markt<\/span> weiterlesen <span class=\"meta-nav\">&rarr;<\/span><\/a><\/p>\n","protected":false},"author":1,"featured_media":0,"comment_status":"open","ping_status":"open","sticky":false,"template":"","format":"standard","meta":[],"categories":[11,28],"tags":[],"_links":{"self":[{"href":"https:\/\/willizblog.de\/index.php?rest_route=\/wp\/v2\/posts\/4954"}],"collection":[{"href":"https:\/\/willizblog.de\/index.php?rest_route=\/wp\/v2\/posts"}],"about":[{"href":"https:\/\/willizblog.de\/index.php?rest_route=\/wp\/v2\/types\/post"}],"author":[{"embeddable":true,"href":"https:\/\/willizblog.de\/index.php?rest_route=\/wp\/v2\/users\/1"}],"replies":[{"embeddable":true,"href":"https:\/\/willizblog.de\/index.php?rest_route=%2Fwp%2Fv2%2Fcomments&post=4954"}],"version-history":[{"count":0,"href":"https:\/\/willizblog.de\/index.php?rest_route=\/wp\/v2\/posts\/4954\/revisions"}],"wp:attachment":[{"href":"https:\/\/willizblog.de\/index.php?rest_route=%2Fwp%2Fv2%2Fmedia&parent=4954"}],"wp:term":[{"taxonomy":"category","embeddable":true,"href":"https:\/\/willizblog.de\/index.php?rest_route=%2Fwp%2Fv2%2Fcategories&post=4954"},{"taxonomy":"post_tag","embeddable":true,"href":"https:\/\/willizblog.de\/index.php?rest_route=%2Fwp%2Fv2%2Ftags&post=4954"}],"curies":[{"name":"wp","href":"https:\/\/api.w.org\/{rel}","templated":true}]}}