{"id":4964,"date":"2011-10-01T17:37:28","date_gmt":"2011-10-01T16:37:28","guid":{"rendered":"http:\/\/www.willizblog.de\/?p=4964"},"modified":"2011-10-01T17:37:28","modified_gmt":"2011-10-01T16:37:28","slug":"filmische-impressionen-vom-flohmarkt-in-tostedt-2011","status":"publish","type":"post","link":"https:\/\/willizblog.de\/?p=4964","title":{"rendered":"Filmische Impressionen vom Flohmarkt in Tostedt 2011"},"content":{"rendered":"<p>Endlich einmal wieder das passende Wetter f\u00fcr <a href=\"http:\/\/www.werbekreis-tostedt.de\/aktionen\/toester-flohmarkt.html\" target=\"_blank\">Norddeutschlands gr\u00f6\u00dften Flohmarkt<\/a>, der (fast) immer am ersten Samstag im Oktober in Tostedt, einem kleinen Ort zwischen Bremen und Hamburg, stattfindet. Eigentlich war es (fast) schon zu warm, so sommerlich strahlte die Sonne vom Himmel. Hier filmische Impressionen \u201eaus dem Handgelenk\u201c vom heutigen T\u00f6ster Markt, wie man den Flohmarkt in Tostedt nennt \u2013 unter dem Motto: <em><strong>R\u00fcnd \u00fcm de Kark &#8230;<\/strong><\/em><\/p>\n<p><iframe loading=\"lazy\" width=\"420\" height=\"315\" src=\"https:\/\/www.youtube.com\/embed\/LfYuA-PIxHI\" frameborder=\"0\" allowfullscreen><\/iframe><\/p>\n","protected":false},"excerpt":{"rendered":"<p>Endlich einmal wieder das passende Wetter f\u00fcr Norddeutschlands gr\u00f6\u00dften Flohmarkt, der (fast) immer am ersten Samstag im Oktober in Tostedt, einem kleinen Ort zwischen Bremen und Hamburg, stattfindet. Eigentlich war es (fast) schon zu warm, so sommerlich strahlte die Sonne vom Himmel. Hier filmische Impressionen \u201eaus dem Handgelenk\u201c vom heutigen T\u00f6ster Markt, wie man den &hellip; <a href=\"https:\/\/willizblog.de\/?p=4964\" class=\"more-link\"><span class=\"screen-reader-text\">Filmische Impressionen vom Flohmarkt in Tostedt 2011<\/span> weiterlesen <span class=\"meta-nav\">&rarr;<\/span><\/a><\/p>\n","protected":false},"author":1,"featured_media":0,"comment_status":"open","ping_status":"open","sticky":false,"template":"","format":"standard","meta":[],"categories":[11,28],"tags":[],"_links":{"self":[{"href":"https:\/\/willizblog.de\/index.php?rest_route=\/wp\/v2\/posts\/4964"}],"collection":[{"href":"https:\/\/willizblog.de\/index.php?rest_route=\/wp\/v2\/posts"}],"about":[{"href":"https:\/\/willizblog.de\/index.php?rest_route=\/wp\/v2\/types\/post"}],"author":[{"embeddable":true,"href":"https:\/\/willizblog.de\/index.php?rest_route=\/wp\/v2\/users\/1"}],"replies":[{"embeddable":true,"href":"https:\/\/willizblog.de\/index.php?rest_route=%2Fwp%2Fv2%2Fcomments&post=4964"}],"version-history":[{"count":0,"href":"https:\/\/willizblog.de\/index.php?rest_route=\/wp\/v2\/posts\/4964\/revisions"}],"wp:attachment":[{"href":"https:\/\/willizblog.de\/index.php?rest_route=%2Fwp%2Fv2%2Fmedia&parent=4964"}],"wp:term":[{"taxonomy":"category","embeddable":true,"href":"https:\/\/willizblog.de\/index.php?rest_route=%2Fwp%2Fv2%2Fcategories&post=4964"},{"taxonomy":"post_tag","embeddable":true,"href":"https:\/\/willizblog.de\/index.php?rest_route=%2Fwp%2Fv2%2Ftags&post=4964"}],"curies":[{"name":"wp","href":"https:\/\/api.w.org\/{rel}","templated":true}]}}