{"id":4974,"date":"2011-10-04T09:01:55","date_gmt":"2011-10-04T08:01:55","guid":{"rendered":"http:\/\/www.willizblog.de\/?p=4974"},"modified":"2011-10-04T07:51:38","modified_gmt":"2011-10-04T06:51:38","slug":"von-fruhen-und-spaten-toren","status":"publish","type":"post","link":"https:\/\/willizblog.de\/?p=4974","title":{"rendered":"Von fr\u00fchen und sp\u00e4ten Toren"},"content":{"rendered":"<p>Hallo wach?! So langsam wird es gruselig f\u00fcr die Fans des SV Werder Bremen, wenn es zum Spielbeginn geht. Irgendwie scheinen die Jungs des Fu\u00dfball-Bundesligisten noch zu schlafen, wenn ein Spiel angepfiffen wird. Schon wieder kassierte die Mannschaft in den ersten Spielminuten ein Tor. Diesmal war es Philipp Bargfrede, der einen Hannoveraner im Strafraum foulte, was nicht nur zu einem Elfmeter, sondern auch zur fr\u00fchen F\u00fchrung von Hannover 96 f\u00fchrte. Zwar hatte Werder insgesamt die Mehrzahl der Torchancen, aber die 96er waren effektiver und gewannen am Ende auch verdient mit 3:2 das \u201ekleine Nordderby\u201c. \u00dcberhaupt hatte Bargfrede einen schwarzen Tag, denn er war auch an den beiden weiteren Gegentoren beteiligt.<\/p>\n<p>Immerhin sind die Jungs dann wenigstens zum Spielende hin hellwach. Denn so manches Werder-Tor fiel bisher sp\u00e4t (diesmal leider zu sp\u00e4t), oft sogar in der Nachspielzeit, was so manchen Punkt rettete und Werder immer noch auf dem zweiten Tabellenplatz stehen l\u00e4sst.<\/p>\n<p>Nach den Qualifikationsspielen zur Fu\u00dfball-Europameisterschaft 2012 \u2013 zun\u00e4chst in der T\u00fcrkei am Freitag, dann am Dienstag, den 11.10., gegen Belgien \u2013 steht f\u00fcr Werder am Freitag, den 14.10., das Heimspiel gegen den amtierenden deutschen Meister, Borussia Dortmund, an. Die Dortmunder sind auf Aufholkurs und w\u00fcrden gern die Punkte mit nach Hause nehmen. Wenn Werder Bremen weiter vorn mitspielen will, dann muss die Mannschaft ihr ganzes Potential abrufen \u2013 und sollte auch schon zu Spielbeginn hellwach sein.<\/p>\n","protected":false},"excerpt":{"rendered":"<p>Hallo wach?! So langsam wird es gruselig f\u00fcr die Fans des SV Werder Bremen, wenn es zum Spielbeginn geht. Irgendwie scheinen die Jungs des Fu\u00dfball-Bundesligisten noch zu schlafen, wenn ein Spiel angepfiffen wird. Schon wieder kassierte die Mannschaft in den ersten Spielminuten ein Tor. Diesmal war es Philipp Bargfrede, der einen Hannoveraner im Strafraum foulte, &hellip; <a href=\"https:\/\/willizblog.de\/?p=4974\" class=\"more-link\"><span class=\"screen-reader-text\">Von fr\u00fchen und sp\u00e4ten Toren<\/span> weiterlesen <span class=\"meta-nav\">&rarr;<\/span><\/a><\/p>\n","protected":false},"author":1,"featured_media":0,"comment_status":"open","ping_status":"open","sticky":false,"template":"","format":"standard","meta":[],"categories":[27],"tags":[],"_links":{"self":[{"href":"https:\/\/willizblog.de\/index.php?rest_route=\/wp\/v2\/posts\/4974"}],"collection":[{"href":"https:\/\/willizblog.de\/index.php?rest_route=\/wp\/v2\/posts"}],"about":[{"href":"https:\/\/willizblog.de\/index.php?rest_route=\/wp\/v2\/types\/post"}],"author":[{"embeddable":true,"href":"https:\/\/willizblog.de\/index.php?rest_route=\/wp\/v2\/users\/1"}],"replies":[{"embeddable":true,"href":"https:\/\/willizblog.de\/index.php?rest_route=%2Fwp%2Fv2%2Fcomments&post=4974"}],"version-history":[{"count":0,"href":"https:\/\/willizblog.de\/index.php?rest_route=\/wp\/v2\/posts\/4974\/revisions"}],"wp:attachment":[{"href":"https:\/\/willizblog.de\/index.php?rest_route=%2Fwp%2Fv2%2Fmedia&parent=4974"}],"wp:term":[{"taxonomy":"category","embeddable":true,"href":"https:\/\/willizblog.de\/index.php?rest_route=%2Fwp%2Fv2%2Fcategories&post=4974"},{"taxonomy":"post_tag","embeddable":true,"href":"https:\/\/willizblog.de\/index.php?rest_route=%2Fwp%2Fv2%2Ftags&post=4974"}],"curies":[{"name":"wp","href":"https:\/\/api.w.org\/{rel}","templated":true}]}}