{"id":4988,"date":"2011-10-09T09:01:19","date_gmt":"2011-10-09T08:01:19","guid":{"rendered":"http:\/\/www.willizblog.de\/?p=4988"},"modified":"2011-10-06T09:59:26","modified_gmt":"2011-10-06T08:59:26","slug":"bremer-standesamt-feiert-200-geburtstag","status":"publish","type":"post","link":"https:\/\/willizblog.de\/?p=4988","title":{"rendered":"Bremer Standesamt feiert 200. Geburtstag"},"content":{"rendered":"<p><em>\u201eIm Dezember 1810 waren die Bremer \u00fcberraschend franz\u00f6sische \u201acitoyens\u2019 geworden. Gut acht Monate sp\u00e4ter trat in den drei neuen D\u00e9partements d&#8217;Ems, d&#8217;Elbe und du <a href=\"https:\/\/de.wikipedia.org\/wiki\/Departement_der_Weserm%C3%BCndungen\" target=\"_blank\">Bouches de Weser<\/a> der <a href=\"https:\/\/de.wikipedia.org\/wiki\/Code_Civil\" target=\"_blank\">\u201aCode Civil\u2019<\/a> in Kraft &#8211; eines der wichtigsten Gesetzb\u00fccher der Neuzeit. [&#8230;]<\/em><\/p>\n<p><em>Auch in den norddeutschen Departements wurde dadurch die Registrierung von Geburten, Hochzeiten und Todesf\u00e4llen, f\u00fcr die bis dahin die Kirche zust\u00e4ndig gewesen war, zu einer Pflicht des Staates. Am 5. September 1811 gab B\u00fcrgermeister Wilhelm Ernst Wichelhausen als \u201aMaire\u2019 der \u201abonne ville de Br\u00eame\u2019 die Einrichtung von \u201aRegistern des Civil-Standes\u2019 bekannt. [&#8230;]<\/em><\/p>\n<p><em>Knapp 100 Jahre sp\u00e4ter, n\u00e4mlich 1909, w\u00fcrde das jetzige <a href=\"http:\/\/www.stadtamt.bremen.de\/sixcms\/detail.php?gsid=bremen116.c.1624.de\" target=\"_blank\">Standesamt Bremen-Mitte<\/a> zusammen mit dem Staatsarchiv und der Friedhofsverwaltung einen Neubau an der Tiefer beziehen; er wurde im zweiten Weltkrieg zerst\u00f6rt. Nach diversen Notl\u00f6sungen &#8211; unter anderem im jetzigen <a href=\"https:\/\/de.wikipedia.org\/wiki\/Theater_am_Goetheplatz\" target=\"_blank\">Theater am Goetheplatz<\/a> &#8211; konnte dann im Oktober 1949 der Umzug in die ehemalige Hoffmann-Villa an der <a href=\"http:\/\/www.bremen.de\/335132\" target=\"_blank\">Hollerallee 79<\/a> erfolgen.\u201c<\/em><\/p>\n<p>Quelle: <a href=\"http:\/\/www.weser-kurier.de\/Artikel\/Bremen\/Vermischtes\/440782\/Bremer-Standesamt-feiert-200.-Geburtstag.html\" target=\"_blank\">weser-kurier.de<\/a><\/p>\n<table border=\"0\" cellpadding=\"4\" cellspacing=\"0\" width=\"100%\" bgcolor=\"#CACACA\">\n<tr>\n<td width=\"50%\">\n<p align=\"center\"><img loading=\"lazy\" border=\"0\" src=\"https:\/\/www.albinz.net\/images\/hochzeit.gif\" alt=\"Hochzeit 1990 - Standesamt Bremen Mitte - nach der kirchlichen Trauung\" title=\"Hochzeit 1990 - Standesamt Bremen Mitte - nach der kirchlichen Trauung\" width=\"219\" height=\"150\"><\/td>\n<td width=\"50%\">\n<p align=\"center\"><img loading=\"lazy\" border=\"0\" src=\"https:\/\/www.albinz.net\/tostedt\/images\/tostedt_kirche_turm2004.jpg\" alt=\"Johannes-Kirche in Tostedt\" title=\"Johannes-Kirche in Tostedt\" width=\"300\" height=\"448\"><\/td>\n<\/tr>\n<tr>\n<td width=\"50%\">\n<p align=\"center\"><font face=\"Lucida Grande, Lucida Sans Unicode, Verdana, sans-serif\" size=\"2\">Hochzeit 1990 &#8211; Standesamt Bremen Mitte und nach der kirchlichen Trauung in Tostedt<\/font><\/td>\n<td width=\"50%\">\n<p align=\"center\"><font face=\"Lucida Grande, Lucida Sans Unicode, Verdana, sans-serif\" size=\"2\">Johannes-Kirche in Tostedt<\/font><\/td>\n<\/tr>\n<\/table>\n<p>Obwohl meine heutige Frau und ich vor nun \u00fcber 21 Jahren in Hamburg-Niendorf lebten, heirateten wir beide im Wonnemonat Mai 1990 in Bremen, eben in diesem Standesamt Bremen-Mitte in der Hollerallee, unweit des <a href=\"https:\/\/de.wikipedia.org\/wiki\/B%C3%BCrgerpark_Bremen\" target=\"_blank\">Bremer B\u00fcrgerparks<\/a>. Wir hatten uns das eigentlich f\u00fcr uns zust\u00e4ndige Standesamt im <a href=\"https:\/\/de.wikipedia.org\/wiki\/Bezirk_Hamburg-Eimsb%C3%BCttel\" target=\"_blank\">Bezirk Hamburg-Eimsb\u00fcttel<\/a> angeschaut (heute schimpft es sich <a href=\"http:\/\/www.hamburg.de\/eimsbuettel-fachamt-personenstandswesen\/79908\/eimsbuettel-personenstandswesen.html\" target=\"_blank\">Fachamt Personenstandswesen<\/a>), das sich in den <a href=\"https:\/\/de.wikipedia.org\/wiki\/Grindelhochh%C3%A4user\" target=\"_blank\">Grindelhochh\u00e4usern<\/a> befindet und nat\u00fcrlich mit dem in einer alten Villa idyllisch gelegenen Standesamt in Bremen nicht mithalten kann, und uns dann f\u00fcr Bremen entschieden, da dort meine Verwandten wohnen. Kirchlich heirateten wir dann einen Tag sp\u00e4ter in der <a href=\"http:\/\/www.kirche-tostedt.de\/\" target=\"_blank\">Johannes-Kirche von Tostedt<\/a>, der \u201aHeimat\u2019 meiner Frau, der Ort, der jetzt auch mein Zuhause ist.<\/p>\n","protected":false},"excerpt":{"rendered":"<p>\u201eIm Dezember 1810 waren die Bremer \u00fcberraschend franz\u00f6sische \u201acitoyens\u2019 geworden. Gut acht Monate sp\u00e4ter trat in den drei neuen D\u00e9partements d&#8217;Ems, d&#8217;Elbe und du Bouches de Weser der \u201aCode Civil\u2019 in Kraft &#8211; eines der wichtigsten Gesetzb\u00fccher der Neuzeit. [&#8230;] Auch in den norddeutschen Departements wurde dadurch die Registrierung von Geburten, Hochzeiten und Todesf\u00e4llen, f\u00fcr &hellip; <a href=\"https:\/\/willizblog.de\/?p=4988\" class=\"more-link\"><span class=\"screen-reader-text\">Bremer Standesamt feiert 200. Geburtstag<\/span> weiterlesen <span class=\"meta-nav\">&rarr;<\/span><\/a><\/p>\n","protected":false},"author":1,"featured_media":0,"comment_status":"open","ping_status":"open","sticky":false,"template":"","format":"standard","meta":[],"categories":[66,11],"tags":[],"_links":{"self":[{"href":"https:\/\/willizblog.de\/index.php?rest_route=\/wp\/v2\/posts\/4988"}],"collection":[{"href":"https:\/\/willizblog.de\/index.php?rest_route=\/wp\/v2\/posts"}],"about":[{"href":"https:\/\/willizblog.de\/index.php?rest_route=\/wp\/v2\/types\/post"}],"author":[{"embeddable":true,"href":"https:\/\/willizblog.de\/index.php?rest_route=\/wp\/v2\/users\/1"}],"replies":[{"embeddable":true,"href":"https:\/\/willizblog.de\/index.php?rest_route=%2Fwp%2Fv2%2Fcomments&post=4988"}],"version-history":[{"count":0,"href":"https:\/\/willizblog.de\/index.php?rest_route=\/wp\/v2\/posts\/4988\/revisions"}],"wp:attachment":[{"href":"https:\/\/willizblog.de\/index.php?rest_route=%2Fwp%2Fv2%2Fmedia&parent=4988"}],"wp:term":[{"taxonomy":"category","embeddable":true,"href":"https:\/\/willizblog.de\/index.php?rest_route=%2Fwp%2Fv2%2Fcategories&post=4988"},{"taxonomy":"post_tag","embeddable":true,"href":"https:\/\/willizblog.de\/index.php?rest_route=%2Fwp%2Fv2%2Ftags&post=4988"}],"curies":[{"name":"wp","href":"https:\/\/api.w.org\/{rel}","templated":true}]}}