{"id":4991,"date":"2011-10-07T00:05:34","date_gmt":"2011-10-06T23:05:34","guid":{"rendered":"http:\/\/www.willizblog.de\/?p=4991"},"modified":"2011-10-07T05:53:31","modified_gmt":"2011-10-07T04:53:31","slug":"literaturnobelpreis-fur-den-schwedischen-dichter-tomas-transtromer","status":"publish","type":"post","link":"https:\/\/willizblog.de\/?p=4991","title":{"rendered":"Literaturnobelpreis f\u00fcr den schwedischen Dichter Tomas Transtr\u00f6mer"},"content":{"rendered":"<p>Der <a href=\"http:\/\/www.nobelprize.org\/nobel_prizes\/literature\/laureates\/2011\/press_ty.html\" target=\"_blank\">Nobelpreis in Literatur des Jahres 2011<\/a> wird dem schwedischen Poeten Tomas Transtr\u00f6mer verliehen, <em>\u201eweil er uns in komprimierten, erhellenden Bildern neue Wege zum Wirklichen weist\u201c<\/em>.<\/p>\n<p>Hiermit begr\u00fcndet die <a href=\"https:\/\/de.wikipedia.org\/wiki\/Svenska_Akademien\" target=\"_blank\">Schwedische Akademie<\/a> die Vergabe des diesj\u00e4hrigen Literaturnobelpreises an den 80-j\u00e4hrigen <a href=\"https:\/\/de.wikipedia.org\/wiki\/Tomas_Transtr%C3%B6mer\" target=\"_blank\">Tomas Transt\u00f6mer<\/a>. Nach vielen Jahren wird damit wieder ein Dichter geehrt: <a href=\"https:\/\/www.amazon.de\/gp\/search?ie=UTF8&#038;keywords=Tomas%20Transtr%C3%B6mer&#038;tag=familiealbin-21&#038;index=books&#038;linkCode=ur2&#038;camp=1638&#038;creative=6742\" target=\"_blank\"><strong>Tomas Transtr\u00f6mer &#8211; Gedichte<\/strong><\/a><img loading=\"lazy\" src=\"https:\/\/www.assoc-amazon.de\/e\/ir?t=familiealbin-21&#038;l=ur2&#038;o=3\" width=\"1\" height=\"1\" border=\"0\" alt=\"\" style=\"border:none !important; margin:0px !important;\" \/>. V\u00f6llig \u00fcberraschend kommt diese Ehrung nicht, denn Transtr\u00f6mer z\u00e4hlte schon im Vorfeld zu den <a href=\"https:\/\/www.willizblog.de\/?p=4977\" target=\"_blank\">Favoriten auf diesen Preis<\/a>.<\/p>\n<p><img src=\"https:\/\/www.willizblog.de\/blogpicts\/tomas_transtroemer.jpg\" alt=\"Tomas Transtr\u00f6mer\" \/><br \/>\nUrheber des Bildes: <a href=\"http:\/\/commons.wikimedia.org\/wiki\/User:%D0%90%D0%BD%D0%B4%D1%80%D0%B5%D0%B9_%D0%A0%D0%BE%D0%BC%D0%B0%D0%BD%D0%B5%D0%BD%D0%BA%D0%BE\" target=\"_blank\">Andrei Romanenko<\/a>, <a href=\"https:\/\/de.wikipedia.org\/wiki\/Creative_Commons\" target=\"_blank\">CC-BY-SA<\/a><\/p>\n<p><em>\u201eTomas Transtr\u00f6mer setzt auf Intensit\u00e4t durch h\u00f6chste sprachbildliche Verdichtung, die mit sehr wenigen Worten auskommt.<\/em> [&#8230;] <em>Mit der Selbstdisziplinierung durch gr\u00f6\u00dftm\u00f6gliche Verknappung der Rede gelangte Transtr\u00f6mer schon seit den 1950ern immer wieder zu den strengen Formvorschriften des japanischen <a href=\"https:\/\/de.wikipedia.org\/wiki\/Haiku\" target=\"_blank\">Haiku<\/a>-Gedichts.\u201c<\/em><\/p>\n<p>Besonders zutreffend beschreibt <a href=\"https:\/\/de.wikipedia.org\/wiki\/Harald_Hartung\" target=\"_blank\">Harald Hartung<\/a> das Werk des neuen Nobelpreistr\u00e4gers: <em>\u201eEine poetische Welt, die ganz nah der Realit\u00e4t bleibt und doch nicht von dieser Welt ist, ein imagin\u00e4rer Raum, aus dem ein k\u00fchles, aber intensives Licht auf die Gegenst\u00e4nde und Menschen f\u00e4llt.\u201c<\/em><\/p>\n<p>Obwohl ich kein allzu gro\u00dfer Freund der Lyrik bin, so wirken die Gedichte von Tomas Transtr\u00f6mer auf seltsame Weise auf mich. Es sind leise Gedichte eines leisen Dichters. Und es ist wohl die Vielfalt an Assoziationen, die besonders ein Gedicht wie das folgende hervorruft:<\/p>\n<p><em>Der Adlerfels<\/em><\/p>\n<p><em>Hinterm Glas des Terrariums<br \/>\ndie Reptile<br \/>\nseltsam reglos.<\/em><\/p>\n<p><em>Eine Frau h\u00e4ngt W\u00e4sche auf<br \/>\nim Schweigen.<br \/>\nDer Tod ist windstill.<\/em><\/p>\n<p><em>In der Tiefe des Bodens<br \/>\ngleitet meine Seele<br \/>\nschweigend wie ein Komet.<\/em><\/p>\n<p>aus: Tomas Transtr\u00f6mer &#8211; Das gro\u00dfe R\u00e4tsel. Gedichte<\/p>\n<p>Zdf.de Video: <a href=\"http:\/\/www.zdf.de\/ZDFmediathek\/content\/1459572\" target=\"_blank\">Tukur liest Transtr\u00f6mer<\/a><\/p>\n","protected":false},"excerpt":{"rendered":"<p>Der Nobelpreis in Literatur des Jahres 2011 wird dem schwedischen Poeten Tomas Transtr\u00f6mer verliehen, \u201eweil er uns in komprimierten, erhellenden Bildern neue Wege zum Wirklichen weist\u201c. Hiermit begr\u00fcndet die Schwedische Akademie die Vergabe des diesj\u00e4hrigen Literaturnobelpreises an den 80-j\u00e4hrigen Tomas Transt\u00f6mer. Nach vielen Jahren wird damit wieder ein Dichter geehrt: Tomas Transtr\u00f6mer &#8211; Gedichte. V\u00f6llig &hellip; <a href=\"https:\/\/willizblog.de\/?p=4991\" class=\"more-link\"><span class=\"screen-reader-text\">Literaturnobelpreis f\u00fcr den schwedischen Dichter Tomas Transtr\u00f6mer<\/span> weiterlesen <span class=\"meta-nav\">&rarr;<\/span><\/a><\/p>\n","protected":false},"author":1,"featured_media":0,"comment_status":"open","ping_status":"open","sticky":false,"template":"","format":"standard","meta":[],"categories":[3],"tags":[],"_links":{"self":[{"href":"https:\/\/willizblog.de\/index.php?rest_route=\/wp\/v2\/posts\/4991"}],"collection":[{"href":"https:\/\/willizblog.de\/index.php?rest_route=\/wp\/v2\/posts"}],"about":[{"href":"https:\/\/willizblog.de\/index.php?rest_route=\/wp\/v2\/types\/post"}],"author":[{"embeddable":true,"href":"https:\/\/willizblog.de\/index.php?rest_route=\/wp\/v2\/users\/1"}],"replies":[{"embeddable":true,"href":"https:\/\/willizblog.de\/index.php?rest_route=%2Fwp%2Fv2%2Fcomments&post=4991"}],"version-history":[{"count":0,"href":"https:\/\/willizblog.de\/index.php?rest_route=\/wp\/v2\/posts\/4991\/revisions"}],"wp:attachment":[{"href":"https:\/\/willizblog.de\/index.php?rest_route=%2Fwp%2Fv2%2Fmedia&parent=4991"}],"wp:term":[{"taxonomy":"category","embeddable":true,"href":"https:\/\/willizblog.de\/index.php?rest_route=%2Fwp%2Fv2%2Fcategories&post=4991"},{"taxonomy":"post_tag","embeddable":true,"href":"https:\/\/willizblog.de\/index.php?rest_route=%2Fwp%2Fv2%2Ftags&post=4991"}],"curies":[{"name":"wp","href":"https:\/\/api.w.org\/{rel}","templated":true}]}}