{"id":501,"date":"2006-06-04T07:56:16","date_gmt":"2006-06-04T05:56:16","guid":{"rendered":"http:\/\/www.albinz.de\/blog\/?p=501"},"modified":"2006-06-02T10:27:47","modified_gmt":"2006-06-02T08:27:47","slug":"jans-kalenderblatt-juni-2006","status":"publish","type":"post","link":"https:\/\/willizblog.de\/?p=501","title":{"rendered":"Jans Kalenderblatt: Juni 2006"},"content":{"rendered":"<p><em>Mit dem Juni sollte auch endlich die Sonne \u00f6fter als in den letzten Tagen zum Vorschein kommen. Und mit steigenden Temperaturen d\u00fcrfte der Wunsch nach Abk\u00fchlung wachsen und dann irgendwann das Wasser in unseren Freib\u00e4dern angenehm warm geworden sein, um einem \u00e4hnlichen Vergn\u00fcgen zu fr\u00f6hnen wie auf dem Bild, das mir mein Sohn Jan f\u00fcr diesen Monat gemalt hat:<\/em><\/p>\n<p><img title=\"Jans Kalenderblatt f\u00fcr den Monat Juni 2006\" alt=\"Jans Kalenderblatt f\u00fcr den Monat Juni 2006\" src=\"https:\/\/www.willizblog.de\/albpics\/jans_kalender_2006_06.jpg\" \/><\/p>\n","protected":false},"excerpt":{"rendered":"<p>Mit dem Juni sollte auch endlich die Sonne \u00f6fter als in den letzten Tagen zum Vorschein kommen. Und mit steigenden Temperaturen d\u00fcrfte der Wunsch nach Abk\u00fchlung wachsen und dann irgendwann das Wasser in unseren Freib\u00e4dern angenehm warm geworden sein, um einem \u00e4hnlichen Vergn\u00fcgen zu fr\u00f6hnen wie auf dem Bild, das mir mein Sohn Jan f\u00fcr &hellip; <a href=\"https:\/\/willizblog.de\/?p=501\" class=\"more-link\"><span class=\"screen-reader-text\">Jans Kalenderblatt: Juni 2006<\/span> weiterlesen <span class=\"meta-nav\">&rarr;<\/span><\/a><\/p>\n","protected":false},"author":1,"featured_media":0,"comment_status":"closed","ping_status":"closed","sticky":false,"template":"","format":"standard","meta":[],"categories":[37],"tags":[],"_links":{"self":[{"href":"https:\/\/willizblog.de\/index.php?rest_route=\/wp\/v2\/posts\/501"}],"collection":[{"href":"https:\/\/willizblog.de\/index.php?rest_route=\/wp\/v2\/posts"}],"about":[{"href":"https:\/\/willizblog.de\/index.php?rest_route=\/wp\/v2\/types\/post"}],"author":[{"embeddable":true,"href":"https:\/\/willizblog.de\/index.php?rest_route=\/wp\/v2\/users\/1"}],"replies":[{"embeddable":true,"href":"https:\/\/willizblog.de\/index.php?rest_route=%2Fwp%2Fv2%2Fcomments&post=501"}],"version-history":[{"count":0,"href":"https:\/\/willizblog.de\/index.php?rest_route=\/wp\/v2\/posts\/501\/revisions"}],"wp:attachment":[{"href":"https:\/\/willizblog.de\/index.php?rest_route=%2Fwp%2Fv2%2Fmedia&parent=501"}],"wp:term":[{"taxonomy":"category","embeddable":true,"href":"https:\/\/willizblog.de\/index.php?rest_route=%2Fwp%2Fv2%2Fcategories&post=501"},{"taxonomy":"post_tag","embeddable":true,"href":"https:\/\/willizblog.de\/index.php?rest_route=%2Fwp%2Fv2%2Ftags&post=501"}],"curies":[{"name":"wp","href":"https:\/\/api.w.org\/{rel}","templated":true}]}}