{"id":5021,"date":"2011-10-14T09:11:36","date_gmt":"2011-10-14T08:11:36","guid":{"rendered":"http:\/\/www.willizblog.de\/?p=5021"},"modified":"2012-01-06T07:33:44","modified_gmt":"2012-01-06T06:33:44","slug":"radeln-entlang-der-oste","status":"publish","type":"post","link":"https:\/\/willizblog.de\/?p=5021","title":{"rendered":"Radeln entlang der Oste"},"content":{"rendered":"<p>Heute ist letzter Schultag, dann beginnen die zweiw\u00f6chigen Herbstferien in Niedersachsen. Und da sich der Herbst bereits jetzt schon von seiner besten, n\u00e4mlich der sonnigen Seite zeigt, ist vielleicht eine Radtour nicht das Schlechteste. \u201eDa passt es perfekt, dass jetzt zum ersten Mal ein neuer, 145 Kilometer langer &#8218;Oste-Radweg&#8216; befahren werden kann, der durch vier Landkreise im Elbe-Weser-Dreieck verl\u00e4uft. Das sind die Landkreise Stade, Harburg, Rotenburg (W\u00fcmme) und Cuxhaven.\u201c (Quelle: <a href=\"http:\/\/www.abendblatt.de\/region\/stade\/article2058187\/Die-Sonnentage-zum-Radeln-entlang-der-Oste-nutzen.html\" target=\"_blank\">abendblatt.de<\/a>)<\/p>\n<ul><img src=\"https:\/\/www.willizblog.de\/blogpicts\/oste_radweg_uebersicht.jpg\" alt=\"\u00dcbersicht Oste-Radweg\" title=\"\u00dcbersicht Oste-Radweg\" \/><\/ul>\n<p>Die 153 km lange <a href=\"https:\/\/de.wikipedia.org\/wiki\/Oste\" target=\"_blank\">Oste<\/a> ist der n\u00f6rdlichste linke Nebenfluss der Elbe in Niedersachsen, der in Tostedt entspringt und bei Neuhaus in die Niederelbe m\u00fcndet. Der Oste-Radweg beginnt so auch in Tostedt und f\u00fchrt in n\u00f6rdliche Richtung bis Bremerv\u00f6rde. Von dort aus geht es weiter auf der Deutschen F\u00e4hrstra\u00dfe, und somit auch durch den Landkreis Stade. Der Radweg f\u00fchrt auch zu den historischen <a href=\"http:\/\/www.niederelbe.de\/FAEHRE\/prahm.htm\" target=\"_blank\">Prahmf\u00e4hren in Gr\u00e4pel und Brobergen<\/a>.<\/p>\n<p>Weitere Informationen wie auch Wegepl\u00e4ne und eine Liste mit <a href=\"http:\/\/www.niederelbe.de\/oste-radweg\/BettBike_OsteRadweg.pdf\" target=\"_blank\">Unterkunftsm\u00f6glichkeiten an der Oste<\/a> gibt es bei <a href=\"http:\/\/www.oste-radweg.de\/\" target=\"_blank\">oste-radweg.de<\/a>. Und wer sich schon einmal ein Bild von der Landschaft und den H\u00e4usern l\u00e4ngst der Oste machen will, der siehe bei <a href=\"http:\/\/www.flickr.com\/groups\/oste-radweg\/pool\/show\/\" target=\"_blank\">flickr.com\/oste-radweg<\/a><\/p>\n<p>Also wie steht\u2019s? Hinauf aufs Rad und der Sonne entgegen \u2013 <em>und der Oste entlang<\/em>.<\/p>\n<p><a href=\"http:\/\/www.twitlonger.com\/show\/f5u699\" target=\"_blank\"><strong>Nachtrag:<\/strong><\/a> Weltkulturerbe an der Oste? &#8211; Arbeitsgemeinschaft bilanziert 2011 und blickt auf 2012 voraus (Quelle: <a href=\"http:\/\/www.rotenburger-rundschau.de\/redaktion\/redaktion\/aktuell\/data_anzeigen.php?dataid=90607\" target=\"_blank\">rotenburger-rundschau.de<\/a>)<\/p>\n","protected":false},"excerpt":{"rendered":"<p>Heute ist letzter Schultag, dann beginnen die zweiw\u00f6chigen Herbstferien in Niedersachsen. Und da sich der Herbst bereits jetzt schon von seiner besten, n\u00e4mlich der sonnigen Seite zeigt, ist vielleicht eine Radtour nicht das Schlechteste. \u201eDa passt es perfekt, dass jetzt zum ersten Mal ein neuer, 145 Kilometer langer &#8218;Oste-Radweg&#8216; befahren werden kann, der durch vier &hellip; <a href=\"https:\/\/willizblog.de\/?p=5021\" class=\"more-link\"><span class=\"screen-reader-text\">Radeln entlang der Oste<\/span> weiterlesen <span class=\"meta-nav\">&rarr;<\/span><\/a><\/p>\n","protected":false},"author":1,"featured_media":0,"comment_status":"open","ping_status":"open","sticky":false,"template":"","format":"standard","meta":[],"categories":[10,11],"tags":[],"_links":{"self":[{"href":"https:\/\/willizblog.de\/index.php?rest_route=\/wp\/v2\/posts\/5021"}],"collection":[{"href":"https:\/\/willizblog.de\/index.php?rest_route=\/wp\/v2\/posts"}],"about":[{"href":"https:\/\/willizblog.de\/index.php?rest_route=\/wp\/v2\/types\/post"}],"author":[{"embeddable":true,"href":"https:\/\/willizblog.de\/index.php?rest_route=\/wp\/v2\/users\/1"}],"replies":[{"embeddable":true,"href":"https:\/\/willizblog.de\/index.php?rest_route=%2Fwp%2Fv2%2Fcomments&post=5021"}],"version-history":[{"count":0,"href":"https:\/\/willizblog.de\/index.php?rest_route=\/wp\/v2\/posts\/5021\/revisions"}],"wp:attachment":[{"href":"https:\/\/willizblog.de\/index.php?rest_route=%2Fwp%2Fv2%2Fmedia&parent=5021"}],"wp:term":[{"taxonomy":"category","embeddable":true,"href":"https:\/\/willizblog.de\/index.php?rest_route=%2Fwp%2Fv2%2Fcategories&post=5021"},{"taxonomy":"post_tag","embeddable":true,"href":"https:\/\/willizblog.de\/index.php?rest_route=%2Fwp%2Fv2%2Ftags&post=5021"}],"curies":[{"name":"wp","href":"https:\/\/api.w.org\/{rel}","templated":true}]}}