{"id":5025,"date":"2011-10-15T09:01:57","date_gmt":"2011-10-15T08:01:57","guid":{"rendered":"http:\/\/www.willizblog.de\/?p=5025"},"modified":"2011-10-14T16:27:03","modified_gmt":"2011-10-14T15:27:03","slug":"10-millionen-mitglieder-bei-avaaz","status":"publish","type":"post","link":"https:\/\/willizblog.de\/?p=5025","title":{"rendered":"10 Millionen Mitglieder bei AVAAZ"},"content":{"rendered":"<p>Seit Ende 2007 unterst\u00fctze ich das politische Netzwerk <a href=\"https:\/\/www.willizblog.de\/?p=4388\" target=\"_blank\">AVAAZ.ORG<\/a> und bin damit Teil einer Globalisierungsbewegung, die in diesen Tage auf 10 Millionen Mitglieder angewachsen ist.<\/p>\n<p>Wie schreibt <a href=\"http:\/\/www.avaaz.org\/de\/\" target=\"_blank\">AVAAZ.ORG<\/a> selbst dazu: <\/p>\n<p><em>\u201e10 Millionen von uns. Aus jedem Land, jeder sozialen Schicht. Voller Hoffnung und dabei absolut entschlossen, die Welt, von der wir alle tr\u00e4umen, zu schaffen. Wir gewinnen eine Kampagne nach der anderen. Nicht nur die kleinen K\u00e4mpfe, auch die gro\u00dfen, diejenigen, von denen behauptet wurde, sie seien nicht zu gewinnen. Und wir fangen gerade erst an.<\/em><\/p>\n<p><em>Nie zuvor gab es ein Netzwerk wie dieses &#8212; wir erh\u00f6hen best\u00e4ndig die Geschwindigkeit und sind in den vergangenen 9 Monaten um 4 Millionen gewachsen. Wenn wir zusammenhalten ist alles m\u00f6glich. Die Welt mag voller Angst und Fatalismus sein, aber B\u00fcrgerbewegungen sind \u00fcberall auf dem Vormarsch und zusammen erneuern und erhalten wir die st\u00e4rkste Kraft f\u00fcr Wandel, die es je gab&#8230;\u201c<\/em><\/p>\n<ul><img src=\"https:\/\/www.willizblog.de\/blogpicts\/avaaz_org.jpg\" alt=\"AVAAZ.ORG\" title=\"AVAAZ.ORG\" \/><\/ul>\n<p>Die Kampagnen sind vielf\u00e4ltig, z.B. geht es um die Unterst\u00fctzung f\u00fcr eine Anerkennung Pal\u00e4stinas, um Hilfe f\u00fcr Somalia \u2013 oder um den so genannten Beh\u00f6rdentrojaner und der Verletzung unserer B\u00fcrgerrechte und Privatsph\u00e4re.<\/p>\n<p>Sicherlich sind das ziemlich hochgestochene S\u00e4tze, und sicherlich muss man AVAAZ.ORG \u201avorwerfen\u2019, lediglich ein sehr loses Netzwerk und oft populistisch nach amerikanischem Muster zu sein, das zentral von Leuten organisiert wird, die professionell arbeiten und genau wissen, wie man so etwas in den Medien, speziell im Internet, aufzieht. Es fehle eine Symbolfigur und ein klares Thema, wodurch das Engagement unverbindlich und sprunghaft bleibe (siehe <a href=\"http:\/\/www.spiegel.de\/netzwelt\/netzpolitik\/0,1518,672017,00.html\" target=\"_blank\">spiegel.de<\/a>). Ich empfehle hierzu den Blog-Beitrag von <a href=\"http:\/\/webkompetenz.wikidot.com\/blog:109\" target=\"_blank\">Stefan M\u00fcnz: AVAAZ &#8211; global-mediale Kampagnen als politische L\u00f6sung?<\/a><\/p>\n<p>Die eigentliche Gefahr, die besteht, ist, dass sich das Engagement so vieler von AVAAZ sehr schnell \u201averbraucht\u2019. \u201eWenn unter einer Million Petitionsunterzeichnern keine zehn Aktivisten sind, die so schnell keine Ruhe geben, dann ist die Millionenzahl Makulatur. Die Power des Netzes ergibt sich aus der hohen Quote an authentischen, ernstgemeinten und mit realem Nachdruck vorgetragenen Bekundungen\u201c, wie Stefan M\u00fcnz schreibt. Oder anders gesagt: Ohne die Aktivisten, die bereit sind, mehr zu leisten, als ihre Mailadresse online zu einer Petition oder einem Aufruf eingegeben, werden Politiker schnell erkennen, dass selbst beim Eintreffen von mehreren hunderttausend Mails keine Gefahr f\u00fcr ihre ungerechten Vorhaben bestehen. Selbst ein millionenfache Protest dieser Art wird schnell ignoriert werden.<\/p>\n<p>Und trotzdem sehe ich in AVAAZ.ORG eine M\u00f6glichkeit, mit meiner Stimme als Teil eines gro\u00dfen Chors bei den M\u00e4chtigen Geh\u00f6r zu verschaffen. Das Engagement bei AVAAZ sollte und muss aber immer z.B. durch lokale Initiativen, also der Aktion vor Ort, erg\u00e4nzt sein. Ich denke da an die <a href=\"https:\/\/de.wikipedia.org\/wiki\/Protest_gegen_Stuttgart_21\" target=\"_blank\">Proteste gegen Stuttgart 21<\/a> oder jetzt die Aktionen <a href=\"https:\/\/de.wikipedia.org\/wiki\/Occupy_Wall_Street\" target=\"_blank\">&#8222;Occupy Wall Street&#8220;<\/a> in den USA, die inzwischen auch schon Deutschland erreicht haben. AVAAZ braucht ein Gesicht, das sich der Fratze der Macht entgegenstellt.<\/p>\n","protected":false},"excerpt":{"rendered":"<p>Seit Ende 2007 unterst\u00fctze ich das politische Netzwerk AVAAZ.ORG und bin damit Teil einer Globalisierungsbewegung, die in diesen Tage auf 10 Millionen Mitglieder angewachsen ist. Wie schreibt AVAAZ.ORG selbst dazu: \u201e10 Millionen von uns. Aus jedem Land, jeder sozialen Schicht. Voller Hoffnung und dabei absolut entschlossen, die Welt, von der wir alle tr\u00e4umen, zu schaffen. &hellip; <a href=\"https:\/\/willizblog.de\/?p=5025\" class=\"more-link\"><span class=\"screen-reader-text\">10 Millionen Mitglieder bei AVAAZ<\/span> weiterlesen <span class=\"meta-nav\">&rarr;<\/span><\/a><\/p>\n","protected":false},"author":1,"featured_media":0,"comment_status":"open","ping_status":"open","sticky":false,"template":"","format":"standard","meta":[],"categories":[20,2],"tags":[],"_links":{"self":[{"href":"https:\/\/willizblog.de\/index.php?rest_route=\/wp\/v2\/posts\/5025"}],"collection":[{"href":"https:\/\/willizblog.de\/index.php?rest_route=\/wp\/v2\/posts"}],"about":[{"href":"https:\/\/willizblog.de\/index.php?rest_route=\/wp\/v2\/types\/post"}],"author":[{"embeddable":true,"href":"https:\/\/willizblog.de\/index.php?rest_route=\/wp\/v2\/users\/1"}],"replies":[{"embeddable":true,"href":"https:\/\/willizblog.de\/index.php?rest_route=%2Fwp%2Fv2%2Fcomments&post=5025"}],"version-history":[{"count":0,"href":"https:\/\/willizblog.de\/index.php?rest_route=\/wp\/v2\/posts\/5025\/revisions"}],"wp:attachment":[{"href":"https:\/\/willizblog.de\/index.php?rest_route=%2Fwp%2Fv2%2Fmedia&parent=5025"}],"wp:term":[{"taxonomy":"category","embeddable":true,"href":"https:\/\/willizblog.de\/index.php?rest_route=%2Fwp%2Fv2%2Fcategories&post=5025"},{"taxonomy":"post_tag","embeddable":true,"href":"https:\/\/willizblog.de\/index.php?rest_route=%2Fwp%2Fv2%2Ftags&post=5025"}],"curies":[{"name":"wp","href":"https:\/\/api.w.org\/{rel}","templated":true}]}}