{"id":5038,"date":"2011-10-18T15:55:29","date_gmt":"2011-10-18T14:55:29","guid":{"rendered":"http:\/\/www.willizblog.de\/?p=5038"},"modified":"2011-10-18T15:55:29","modified_gmt":"2011-10-18T14:55:29","slug":"vorbereitungen-auf-einen-frostigen-winter","status":"publish","type":"post","link":"https:\/\/willizblog.de\/?p=5038","title":{"rendered":"Vorbereitungen auf einen frostigen Winter"},"content":{"rendered":"<p>Es wird gesagt, wenn es viele Fr\u00fcchte im Herbst gibt, dann erwartet uns ein langer, kalter Winter. Schon fr\u00fch purzeln die Eicheln von den B\u00e4umen, der Boden bei <a href=\"https:\/\/de.wikipedia.org\/wiki\/Baum-Hasel\" target=\"_blank\">Haselb\u00e4umen<\/a> ist \u00fcbers\u00e4t mit Haseln\u00fcssen. Selten habe ich so viele Kastanien an den B\u00e4umen gesehen \u2013 und auch viele Beerenstr\u00e4ucher tragen schwer an ihren Fr\u00fcchten. Die Natur bereitet sich so auf einen langen Winter vor.<\/p>\n<p><img src=\"https:\/\/www.willizblog.de\/blogpicts\/blumen2011_09_11.jpg\" alt=\"Kastanien\" title=\"Kastanien\" \/><\/p>\n<p>Und auch die Zugv\u00f6gel, bei uns haupts\u00e4chlich Wildg\u00e4nse, sind l\u00e4ngst auf dem Weg in s\u00fcdliche, damit sonnigere Gefilde. Ich bin gespannt, aber es deutet wirklich alles daraufhin, dass der kommende Winter ein \u201aharter\u2019, also frostiger Winter mit dann sicherlich auch viel Schnee werden k\u00f6nnte. Den ersten Nachtfrost hatten wir ja bereits.<\/p>\n<p><img src=\"https:\/\/www.willizblog.de\/blogpicts\/blumen2011_09_12.jpg\" alt=\"Beerenstrauch\" title=\"Beerenstrauch\" \/><\/p>\n","protected":false},"excerpt":{"rendered":"<p>Es wird gesagt, wenn es viele Fr\u00fcchte im Herbst gibt, dann erwartet uns ein langer, kalter Winter. Schon fr\u00fch purzeln die Eicheln von den B\u00e4umen, der Boden bei Haselb\u00e4umen ist \u00fcbers\u00e4t mit Haseln\u00fcssen. Selten habe ich so viele Kastanien an den B\u00e4umen gesehen \u2013 und auch viele Beerenstr\u00e4ucher tragen schwer an ihren Fr\u00fcchten. Die Natur &hellip; <a href=\"https:\/\/willizblog.de\/?p=5038\" class=\"more-link\"><span class=\"screen-reader-text\">Vorbereitungen auf einen frostigen Winter<\/span> weiterlesen <span class=\"meta-nav\">&rarr;<\/span><\/a><\/p>\n","protected":false},"author":1,"featured_media":0,"comment_status":"open","ping_status":"open","sticky":false,"template":"","format":"standard","meta":[],"categories":[16],"tags":[],"_links":{"self":[{"href":"https:\/\/willizblog.de\/index.php?rest_route=\/wp\/v2\/posts\/5038"}],"collection":[{"href":"https:\/\/willizblog.de\/index.php?rest_route=\/wp\/v2\/posts"}],"about":[{"href":"https:\/\/willizblog.de\/index.php?rest_route=\/wp\/v2\/types\/post"}],"author":[{"embeddable":true,"href":"https:\/\/willizblog.de\/index.php?rest_route=\/wp\/v2\/users\/1"}],"replies":[{"embeddable":true,"href":"https:\/\/willizblog.de\/index.php?rest_route=%2Fwp%2Fv2%2Fcomments&post=5038"}],"version-history":[{"count":0,"href":"https:\/\/willizblog.de\/index.php?rest_route=\/wp\/v2\/posts\/5038\/revisions"}],"wp:attachment":[{"href":"https:\/\/willizblog.de\/index.php?rest_route=%2Fwp%2Fv2%2Fmedia&parent=5038"}],"wp:term":[{"taxonomy":"category","embeddable":true,"href":"https:\/\/willizblog.de\/index.php?rest_route=%2Fwp%2Fv2%2Fcategories&post=5038"},{"taxonomy":"post_tag","embeddable":true,"href":"https:\/\/willizblog.de\/index.php?rest_route=%2Fwp%2Fv2%2Ftags&post=5038"}],"curies":[{"name":"wp","href":"https:\/\/api.w.org\/{rel}","templated":true}]}}