{"id":504,"date":"2006-06-01T05:16:38","date_gmt":"2006-06-01T03:16:38","guid":{"rendered":"http:\/\/www.albinz.de\/blog\/?p=504"},"modified":"2006-06-02T10:39:52","modified_gmt":"2006-06-02T08:39:52","slug":"lebensmude-studenten","status":"publish","type":"post","link":"https:\/\/willizblog.de\/?p=504","title":{"rendered":"Lebensm\u00fcde Studenten"},"content":{"rendered":"<p>Bahnfahren ist immer wieder ein &#8218;Abenteuer&#8216;. Ich habe reichlich <a title=\"Bahn fahren\" href=\"https:\/\/www.willizblog.de\/?cat=22\">hier<\/a> und <a title=\"Willis Kampf mit der Deutschen Bahn AG\" href=\"https:\/\/www.albinz.net\/dbag.html\" target=\"_blank\">anderswo<\/a> dar\u00fcber berichtet. Mal sind es die &#8218;betrieblichen&#8216; St\u00f6rungen der Bahn selbst, dann St\u00f6rungen, die durch andere verursacht werden: durch Selbstm\u00f6rder &#8211; und jetzt <a title=\"Studenten legen Hamburg Hbf. lahm\" href=\"http:\/\/www.mopo.de\/2006\/20060601\/hamburg\/panorama\/studenten_legen_hauptbahnhof_lahm.html\" target=\"_blank\">durch Studenten<\/a>!<\/p>\n<p>Nach einem Demonstrationszug von Hamburg-Dammtor in die Innenstadt l\u00f6ste sich eine kleinere Gruppe von Studenten, um \u00fcber die Gleise des Hauptbahnhofs von Hamburg zu h\u00fcpfen und damit f\u00fcr l\u00e4ngere Zeit den Fernverkehr lahm zu legen.<\/p>\n<p>Ich habe viel Verst\u00e4ndnis f\u00fcr unsere studierenden Mitmenschen. Und die jetzt auch in Hamburg in Aussicht gestellten Studiengeb\u00fchren finden nicht meine Zustimmung. Schlie\u00dflich habe ich selbst noch Kinder, die eines Tages studieren wollen. Und angesichts der so oder so vorhandenen Bildungsmisere in unserem Land (ich wage es schon gar nicht mehr, hier die Pisa-Studien anzuf\u00fchren) sind diese Geb\u00fchren eher kontraproduktiv.<\/p>\n<p>Aber ist die Lage einzelner Studenten schon so aussichtslos, dass diese in geradezu selbstm\u00f6rderischer Absicht \u00fcber Bahngleise springen m\u00fcssen? Haben sie nicht gelernt, dass das wahrlich lebensgef\u00e4hrdend sein kann. Wenn da jetzt gerade ein Zug angeprescht kommt &#8230; Nicht auszudenken!<\/p>\n<p>Also liebe Politiker! Vergesst die Studiengeb\u00fchren und lasst unsere Studenten weiterhin am Leben! &#8230; und uns arme Pendler, die erm\u00fctet von der Arbeit das anheimelnde Nest ansteuern, zeitig heimkehren. Danke!<\/p>\n","protected":false},"excerpt":{"rendered":"<p>Bahnfahren ist immer wieder ein &#8218;Abenteuer&#8216;. Ich habe reichlich hier und anderswo dar\u00fcber berichtet. Mal sind es die &#8218;betrieblichen&#8216; St\u00f6rungen der Bahn selbst, dann St\u00f6rungen, die durch andere verursacht werden: durch Selbstm\u00f6rder &#8211; und jetzt durch Studenten! Nach einem Demonstrationszug von Hamburg-Dammtor in die Innenstadt l\u00f6ste sich eine kleinere Gruppe von Studenten, um \u00fcber die &hellip; <a href=\"https:\/\/willizblog.de\/?p=504\" class=\"more-link\"><span class=\"screen-reader-text\">Lebensm\u00fcde Studenten<\/span> weiterlesen <span class=\"meta-nav\">&rarr;<\/span><\/a><\/p>\n","protected":false},"author":1,"featured_media":0,"comment_status":"closed","ping_status":"closed","sticky":false,"template":"","format":"standard","meta":[],"categories":[22],"tags":[],"_links":{"self":[{"href":"https:\/\/willizblog.de\/index.php?rest_route=\/wp\/v2\/posts\/504"}],"collection":[{"href":"https:\/\/willizblog.de\/index.php?rest_route=\/wp\/v2\/posts"}],"about":[{"href":"https:\/\/willizblog.de\/index.php?rest_route=\/wp\/v2\/types\/post"}],"author":[{"embeddable":true,"href":"https:\/\/willizblog.de\/index.php?rest_route=\/wp\/v2\/users\/1"}],"replies":[{"embeddable":true,"href":"https:\/\/willizblog.de\/index.php?rest_route=%2Fwp%2Fv2%2Fcomments&post=504"}],"version-history":[{"count":0,"href":"https:\/\/willizblog.de\/index.php?rest_route=\/wp\/v2\/posts\/504\/revisions"}],"wp:attachment":[{"href":"https:\/\/willizblog.de\/index.php?rest_route=%2Fwp%2Fv2%2Fmedia&parent=504"}],"wp:term":[{"taxonomy":"category","embeddable":true,"href":"https:\/\/willizblog.de\/index.php?rest_route=%2Fwp%2Fv2%2Fcategories&post=504"},{"taxonomy":"post_tag","embeddable":true,"href":"https:\/\/willizblog.de\/index.php?rest_route=%2Fwp%2Fv2%2Ftags&post=504"}],"curies":[{"name":"wp","href":"https:\/\/api.w.org\/{rel}","templated":true}]}}