{"id":5041,"date":"2011-10-19T11:52:49","date_gmt":"2011-10-19T10:52:49","guid":{"rendered":"http:\/\/www.willizblog.de\/?p=5041"},"modified":"2011-10-19T11:53:37","modified_gmt":"2011-10-19T10:53:37","slug":"besuch-in-gottingen","status":"publish","type":"post","link":"https:\/\/willizblog.de\/?p=5041","title":{"rendered":"Besuch in G\u00f6ttingen"},"content":{"rendered":"<p>Vor nun \u00fcber einem Jahr ist <a href=\"https:\/\/www.willizblog.de\/?p=1381\" target=\"_blank\">der \u00e4ltere unserer beiden S\u00f6hne<\/a> \u201aausgezogen\u2019, um in G\u00f6ttingen eine Ausbildung zu beginnen und sp\u00e4testens danach auch noch zu studieren. Es wird dann h\u00f6chstens noch ein Jahr dauern, bis auch <a href=\"https:\/\/www.willizblog.de\/?p=4984\" target=\"_blank\">der J\u00fcngere<\/a> der beiden sein elterliches Zuhause verlassen wird. Wenn alles gut l\u00e4uft, dann wird er nach Hildesheim ziehen m\u00fcssen, um dort ein Studium zu beginnen.<\/p>\n<p>Als Eltern h\u00e4ngt man nat\u00fcrlich an seine Kinder, an seine \u201aBrut\u2019. Aber irgendwie m\u00f6chte man nat\u00fcrlich auch, dass <a href=\"https:\/\/www.willizblog.de\/?p=3486\" target=\"_blank\">die Kinder erwachsen werden<\/a>, um auf ihren eigenen F\u00fc\u00dfen zu stehen. Bei allen Bedenken, die uns Eltern manchmal \u00fcberkommen, so sind wir doch \u00fcberzeugt, dass unsere S\u00f6hne ihren Weg gehen werden. Vielleicht ist es nicht immer der gerade Weg, mancher Weg k\u00f6nnte sich als Umweg herausstellen. Uns ging es nicht anders. Und bei allem ist \u201ader Weg das Ziel\u2019 (frei nach <a href=\"https:\/\/de.wikipedia.org\/wiki\/Laozi\" target=\"_blank\">Lao-Tse<\/a>), solange es ein Fortschreiten ist.<\/p>\n<p>Nun an diesem Wochenende habe ich mich mit meiner Frau und unserem j\u00fcngeren Sohn auf nach <a href=\"https:\/\/de.wikipedia.org\/wiki\/G%C3%B6ttingen\" target=\"_blank\">G\u00f6ttingen<\/a> gemacht, um endlich einmal unseren Sohn an seiner Wirkungsst\u00e4tte zu besuchen. Das Wetter war pr\u00e4chtig, wenn auch kalt. So gingen wir zuerst durch die Innenstadt von G\u00f6ttingen, besuchten dort das Wahrzeichen der Stadt, das G\u00e4nseliesel.<\/p>\n<table border=\"0\" cellpadding=\"4\" cellspacing=\"0\" width=\"100%\">\n<tr>\n<td width=\"310\">\n<p align=\"center\"><img loading=\"lazy\" border=\"0\" src=\"https:\/\/www.willizblog.de\/blogpicts\/gaenseliesel_goettingen.jpg\" width=\"300\" height=\"444\"><\/td>\n<td width=\"250\">\n<p align=\"left\"><font face=\"Lucida Grande, Lucida Sans Unicode, Verdana, sans-serif\" size=\"2\">Das <a href=\"https:\/\/de.wikipedia.org\/wiki\/G\u00c3\u00a4nseliesel#Das_G.C3.B6ttinger_G.C3.A4nseliesel\" target=\"_blank\">G\u00e4nseliesel<\/a> vor dem alten Rathaus ist als Brunnenfigur seit 1901 das Wahrzeichen der Universit\u00e4tsstadt G\u00f6ttingen. Seit 1990 handelt es sich hierbei um eine Kopie, w\u00e4hrend sich die Originalfigur im St\u00e4dtischen Museum befindet.<\/font><\/p>\n<p align=\"left\"><font face=\"Lucida Grande, Lucida Sans Unicode, Verdana, sans-serif\" size=\"2\">Teile der Studentenschaft bezogen die Brunnenanlage bald in ihr Brauchtum ein. Nach ihrer Immatrikulation bestiegen die Studenten den Brunnen, um die Brunnenfigur zu k\u00fcssen<\/font><\/p>\n<p align=\"left\"><font face=\"Lucida Grande, Lucida Sans Unicode, Verdana, sans-serif\" size=\"2\">Allerdings waren es in den letzten Jahrzehnten nicht mehr die Neuimmatrikulierten, die das G\u00e4nseliesel k\u00fcssten, sondern Doktoranden nach ihrer erfolgreichen Pr\u00fcfung. Dabei wird dem G\u00e4nseliesel ein Blumenstrau\u00df \u00fcberreicht.<\/font><\/td>\n<\/tr>\n<\/table>\n<p>Abends a\u00dfen wir im <a href=\"http:\/\/www.alibaba-goettingen.de\/\" target=\"_blank\">Ali-Baba<\/a> (Untere Karsp\u00fcle 8 ) einen kleinen Happen, verbrachten dann den Abend in der kleinen Wohnung unseres Sohnes, um dann die Nacht im <a href=\"http:\/\/www.weenderhof.de\/\" target=\"_blank\">Gasthaus Weender Hof<\/a> zu verbringen. Unsere S\u00f6hne schliefen die Nacht in der kleinen Wohnung. Daf\u00fcr fr\u00fchst\u00fcckten wir vier dann ausgiebig am n\u00e4chsten Morgen im Gasthaus zusammen.<\/p>\n<p>Am fr\u00fchen Nachmittag ging es dann wieder nach Hause. Wir fuhren mit dem Auto \u2013 und am Lenkrad sa\u00df unser j\u00fcngerer Sohn, f\u00fcr den es die erste l\u00e4ngere Fahrt nach Erhalt seines F\u00fchrerscheins war, den er bereits <a href=\"http:\/\/www.begleitetes-fahren.de\/\" target=\"_blank\">mit 17 Jahren<\/a> gemacht hatte.<\/p>\n","protected":false},"excerpt":{"rendered":"<p>Vor nun \u00fcber einem Jahr ist der \u00e4ltere unserer beiden S\u00f6hne \u201aausgezogen\u2019, um in G\u00f6ttingen eine Ausbildung zu beginnen und sp\u00e4testens danach auch noch zu studieren. Es wird dann h\u00f6chstens noch ein Jahr dauern, bis auch der J\u00fcngere der beiden sein elterliches Zuhause verlassen wird. Wenn alles gut l\u00e4uft, dann wird er nach Hildesheim ziehen &hellip; <a href=\"https:\/\/willizblog.de\/?p=5041\" class=\"more-link\"><span class=\"screen-reader-text\">Besuch in G\u00f6ttingen<\/span> weiterlesen <span class=\"meta-nav\">&rarr;<\/span><\/a><\/p>\n","protected":false},"author":1,"featured_media":0,"comment_status":"open","ping_status":"open","sticky":false,"template":"","format":"standard","meta":[],"categories":[66,10],"tags":[],"_links":{"self":[{"href":"https:\/\/willizblog.de\/index.php?rest_route=\/wp\/v2\/posts\/5041"}],"collection":[{"href":"https:\/\/willizblog.de\/index.php?rest_route=\/wp\/v2\/posts"}],"about":[{"href":"https:\/\/willizblog.de\/index.php?rest_route=\/wp\/v2\/types\/post"}],"author":[{"embeddable":true,"href":"https:\/\/willizblog.de\/index.php?rest_route=\/wp\/v2\/users\/1"}],"replies":[{"embeddable":true,"href":"https:\/\/willizblog.de\/index.php?rest_route=%2Fwp%2Fv2%2Fcomments&post=5041"}],"version-history":[{"count":0,"href":"https:\/\/willizblog.de\/index.php?rest_route=\/wp\/v2\/posts\/5041\/revisions"}],"wp:attachment":[{"href":"https:\/\/willizblog.de\/index.php?rest_route=%2Fwp%2Fv2%2Fmedia&parent=5041"}],"wp:term":[{"taxonomy":"category","embeddable":true,"href":"https:\/\/willizblog.de\/index.php?rest_route=%2Fwp%2Fv2%2Fcategories&post=5041"},{"taxonomy":"post_tag","embeddable":true,"href":"https:\/\/willizblog.de\/index.php?rest_route=%2Fwp%2Fv2%2Ftags&post=5041"}],"curies":[{"name":"wp","href":"https:\/\/api.w.org\/{rel}","templated":true}]}}