{"id":506,"date":"2006-06-02T12:00:20","date_gmt":"2006-06-02T10:00:20","guid":{"rendered":"http:\/\/www.albinz.de\/blog\/?p=506"},"modified":"2006-06-02T15:41:23","modified_gmt":"2006-06-02T13:41:23","slug":"grosrazzia-gegen-schwedischen-bittorrent-tracker","status":"publish","type":"post","link":"https:\/\/willizblog.de\/?p=506","title":{"rendered":"Gro\u00dfrazzia gegen schwedischen BitTorrent-Tracker"},"content":{"rendered":"<p>Lt. der <a title=\"Hauptseite vonWikipedia\" href=\"https:\/\/de.wikipedia.org\/wiki\/Hauptseite\" target=\"_blank\">Titelseite von Wikipedia<\/a> von heute:<\/p>\n<p><em>In Schweden wurden bei einer umstrittenen Gro\u00dfrazzia die <\/em><a title=\"Server\" href=\"https:\/\/de.wikipedia.org\/wiki\/Server\" target=\"_blank\"><em>Server<\/em><\/a><em> eines der gr\u00f6\u00dften <\/em><a title=\"BitTorrent\" href=\"https:\/\/de.wikipedia.org\/wiki\/BitTorrent\" target=\"_blank\"><em>BitTorrent-Tracker<\/em><\/a><em> vermutlich wegen des Verdachts auf Urheberrechtsverletzungen beschlagnahmt.<\/em><\/p>\n<p>Wenn ich das richtig sehe, so handelt es sich um <a title=\"thepiratebay.org\" href=\"http:\/\/thepiratebay.org\/\" target=\"_blank\">thepiratebay.org<\/a>\n<\/p>\n<p>Nach <a href=\"http:\/\/www.spiegel.de\/netzwelt\/politik\/0,1518,419445,00.html\" target=\"_blank\">letzten Meldungen<\/a> sollen sogar die USA hinter der Razzia stecken. Die Musikbranche (IFPI &#8211; International Federation of Phonogram and Videogram Producers) wird &#8217;s freuen. \u00dcbrigens war der <a href=\"http:\/\/www.ifpi.de\/\" target=\"_blank\">Server<\/a> der deutschen Sektion der IFPI zwischenzeitlich auch &#8222;nicht verf\u00fcgbar&#8220;.<\/p>\n","protected":false},"excerpt":{"rendered":"<p>Lt. der Titelseite von Wikipedia von heute: In Schweden wurden bei einer umstrittenen Gro\u00dfrazzia die Server eines der gr\u00f6\u00dften BitTorrent-Tracker vermutlich wegen des Verdachts auf Urheberrechtsverletzungen beschlagnahmt. Wenn ich das richtig sehe, so handelt es sich um thepiratebay.org Nach letzten Meldungen sollen sogar die USA hinter der Razzia stecken. Die Musikbranche (IFPI &#8211; International Federation &hellip; <a href=\"https:\/\/willizblog.de\/?p=506\" class=\"more-link\"><span class=\"screen-reader-text\">Gro\u00dfrazzia gegen schwedischen BitTorrent-Tracker<\/span> weiterlesen <span class=\"meta-nav\">&rarr;<\/span><\/a><\/p>\n","protected":false},"author":1,"featured_media":0,"comment_status":"closed","ping_status":"closed","sticky":false,"template":"","format":"standard","meta":[],"categories":[8],"tags":[],"_links":{"self":[{"href":"https:\/\/willizblog.de\/index.php?rest_route=\/wp\/v2\/posts\/506"}],"collection":[{"href":"https:\/\/willizblog.de\/index.php?rest_route=\/wp\/v2\/posts"}],"about":[{"href":"https:\/\/willizblog.de\/index.php?rest_route=\/wp\/v2\/types\/post"}],"author":[{"embeddable":true,"href":"https:\/\/willizblog.de\/index.php?rest_route=\/wp\/v2\/users\/1"}],"replies":[{"embeddable":true,"href":"https:\/\/willizblog.de\/index.php?rest_route=%2Fwp%2Fv2%2Fcomments&post=506"}],"version-history":[{"count":0,"href":"https:\/\/willizblog.de\/index.php?rest_route=\/wp\/v2\/posts\/506\/revisions"}],"wp:attachment":[{"href":"https:\/\/willizblog.de\/index.php?rest_route=%2Fwp%2Fv2%2Fmedia&parent=506"}],"wp:term":[{"taxonomy":"category","embeddable":true,"href":"https:\/\/willizblog.de\/index.php?rest_route=%2Fwp%2Fv2%2Fcategories&post=506"},{"taxonomy":"post_tag","embeddable":true,"href":"https:\/\/willizblog.de\/index.php?rest_route=%2Fwp%2Fv2%2Ftags&post=506"}],"curies":[{"name":"wp","href":"https:\/\/api.w.org\/{rel}","templated":true}]}}