{"id":5064,"date":"2011-10-24T12:27:00","date_gmt":"2011-10-24T11:27:00","guid":{"rendered":"http:\/\/www.willizblog.de\/?p=5064"},"modified":"2011-10-24T12:27:00","modified_gmt":"2011-10-24T11:27:00","slug":"dahinschmelzende-gletscher","status":"publish","type":"post","link":"https:\/\/willizblog.de\/?p=5064","title":{"rendered":"Dahinschmelzende Gletscher"},"content":{"rendered":"<p>Das sichtbarste Zeichen der Klima\u00e4nderung ist das Abschmelzen der Gletscher: Wir sind Zeitzeugen des schnellsten Gletscherschwundes seit Jahrtausenden, k\u00f6nnen heute aber noch richtige Gletscher sehen, noch, denn f\u00fcr unsere Nachkommen wird dies mit hoher Wahrscheinlichkeit schon sehr schwierig sein.<\/p>\n<p>Im <a href=\"http:\/\/www.gletscherarchiv.de\/\" target=\"_blank\">Gletscherarchiv<\/a> wird auf eindringliche Weise  anhand von Bildvergleichen der Schwund des Gletschereises gezeigt. Die umfangreiche Dokumentation ist von gro\u00dfer Bedeutung, da dort eine Entwicklung aufgezeigt, deren Gegenstand zunehmend verschwindet.<\/p>\n<p>Zwei dieser Gletscher kenne ich selbst. So habe ich mich 1997 mit meinen Lieben auf dem <a href=\"https:\/\/www.albinz.net\/hintertux.html\" target=\"_blank\">Hintertuxer Gletscher<\/a> getummelt. Und 2002 war meine Familie mit mir in <a href=\"https:\/\/www.albinz.net\/grainau.html\" target=\"_blank\">Grainau<\/a>, gleich neben Deutschlands gr\u00f6\u00dftem Berg, der Zugspitze:<\/p>\n<table border=\"0\" cellpadding=\"4\" cellspacing=\"0\" width=\"100%\">\n<tr>\n<td width=\"50%\">\n<p align=\"center\"><img loading=\"lazy\" border=\"0\" src=\"https:\/\/www.willizblog.de\/albpics\/hintertux1924.jpg\" alt=\"Tuxer Ferner\/Zillertal 1924\" title=\"Tuxer Ferner\/Zillertal 1924\" width=\"270\" height=\"180\"><\/td>\n<td width=\"50%\">\n<p align=\"center\"><img loading=\"lazy\" border=\"0\" src=\"https:\/\/www.willizblog.de\/albpics\/hintertux2003.jpg\" alt=\"Tuxer Ferner\/Zillertal 2004\" title=\"Tuxer Ferner\/Zillertal 2004\" width=\"270\" height=\"180\"><\/td>\n<\/tr>\n<tr>\n<td width=\"100%\" colspan=\"2\">\n<p align=\"center\"><font face=\"Lucida Grande, Lucida Sans Unicode, Verdana, sans-serif\" size=\"2\">Tuxer Ferner (Hintertux im Zillertal\/Tirol) 1924 und 2003<\/font><\/td>\n<\/tr>\n<tr>\n<td width=\"50%\">\n<p align=\"center\"><img loading=\"lazy\" border=\"0\" src=\"https:\/\/www.willizblog.de\/albpics\/schneeferner1910.jpg\" alt=\"Schneeferner\/Zugspitze um 1910\" title=\"Schneeferner\/Zugspitze um 1910\" width=\"270\" height=\"180\"><\/td>\n<td width=\"50%\">\n<p align=\"center\"><img loading=\"lazy\" border=\"0\" src=\"https:\/\/www.willizblog.de\/albpics\/schneeferner2003.jpg\" alt=\"Schneeferner\/Zugspitze 2003\" title=\"Schneeferner\/Zugspitze 2003\" width=\"270\" height=\"180\"><\/td>\n<\/tr>\n<tr>\n<td width=\"100%\" colspan=\"2\">\n<p align=\"center\"><font face=\"Lucida Grande, Lucida Sans Unicode, Verdana, sans-serif\" size=\"2\">Schneeferner Zugspitze (Bayern) um 1910 und 2003<\/font><\/td>\n<\/tr>\n<\/table>\n<p>Vor 21 Jahren war ich mit meiner Frau (unser \u00e4lteste Sohn war gerade &#8218;unterwegs&#8216;) <strong>auf Island<\/strong>. Dort ist mit knapp 8500 qkm <strong>Europas gr\u00f6\u00dfter Gletscher, der Vatnaj\u00f6kull<\/strong>. Hier zwei Aufnahmen von unserem Island-Aufenthalt:<\/p>\n<table border=\"0\" cellpadding=\"4\" cellspacing=\"0\" width=\"100%\">\n<tr>\n<td width=\"50%\">\n<p align=\"center\"><img loading=\"lazy\" border=\"0\" src=\"https:\/\/www.albinz.net\/images\/island09k.jpg\" alt=\"Willi \u00fcber dem Gletscher Skaftafellsj\u00f6kull\" title=\"Willi \u00fcber dem Gletscher Skaftafellsj\u00f6kull\" width=\"260\" height=\"382\"><\/td>\n<td width=\"50%\">\n<p align=\"center\"><img loading=\"lazy\" border=\"0\" src=\"https:\/\/www.albinz.net\/images\/island10k.jpg\" alt=\"der Gletschersee J\u00f6kulls\u00e1rlon\" title=\"der Gletschersee J\u00f6kulls\u00e1rlon\" width=\"260\" height=\"382\"><\/td>\n<\/tr>\n<tr>\n<td width=\"100%\" colspan=\"2\">\n<p align=\"center\"><font face=\"Lucida Grande, Lucida Sans Unicode, Verdana, sans-serif\" size=\"2\">Willi \u00fcber dem Gletscher Skaftafellsj\u00f6kull \u2026\u2026\u2026\u2026 und der Gletschersee J\u00f6kulls\u00e1rlon<\/font><\/td>\n<\/tr>\n<\/table>\n<p>weitere Bilder und Videos auf unseren <a href=\"https:\/\/www.albinz.net\/island.html\" target=\"_blank\">Island-Seiten<\/a><\/p>\n","protected":false},"excerpt":{"rendered":"<p>Das sichtbarste Zeichen der Klima\u00e4nderung ist das Abschmelzen der Gletscher: Wir sind Zeitzeugen des schnellsten Gletscherschwundes seit Jahrtausenden, k\u00f6nnen heute aber noch richtige Gletscher sehen, noch, denn f\u00fcr unsere Nachkommen wird dies mit hoher Wahrscheinlichkeit schon sehr schwierig sein. Im Gletscherarchiv wird auf eindringliche Weise anhand von Bildvergleichen der Schwund des Gletschereises gezeigt. Die umfangreiche &hellip; <a href=\"https:\/\/willizblog.de\/?p=5064\" class=\"more-link\"><span class=\"screen-reader-text\">Dahinschmelzende Gletscher<\/span> weiterlesen <span class=\"meta-nav\">&rarr;<\/span><\/a><\/p>\n","protected":false},"author":1,"featured_media":0,"comment_status":"open","ping_status":"open","sticky":false,"template":"","format":"standard","meta":[],"categories":[20],"tags":[],"_links":{"self":[{"href":"https:\/\/willizblog.de\/index.php?rest_route=\/wp\/v2\/posts\/5064"}],"collection":[{"href":"https:\/\/willizblog.de\/index.php?rest_route=\/wp\/v2\/posts"}],"about":[{"href":"https:\/\/willizblog.de\/index.php?rest_route=\/wp\/v2\/types\/post"}],"author":[{"embeddable":true,"href":"https:\/\/willizblog.de\/index.php?rest_route=\/wp\/v2\/users\/1"}],"replies":[{"embeddable":true,"href":"https:\/\/willizblog.de\/index.php?rest_route=%2Fwp%2Fv2%2Fcomments&post=5064"}],"version-history":[{"count":0,"href":"https:\/\/willizblog.de\/index.php?rest_route=\/wp\/v2\/posts\/5064\/revisions"}],"wp:attachment":[{"href":"https:\/\/willizblog.de\/index.php?rest_route=%2Fwp%2Fv2%2Fmedia&parent=5064"}],"wp:term":[{"taxonomy":"category","embeddable":true,"href":"https:\/\/willizblog.de\/index.php?rest_route=%2Fwp%2Fv2%2Fcategories&post=5064"},{"taxonomy":"post_tag","embeddable":true,"href":"https:\/\/willizblog.de\/index.php?rest_route=%2Fwp%2Fv2%2Ftags&post=5064"}],"curies":[{"name":"wp","href":"https:\/\/api.w.org\/{rel}","templated":true}]}}