{"id":5078,"date":"2011-10-28T09:01:13","date_gmt":"2011-10-28T08:01:13","guid":{"rendered":"http:\/\/www.willizblog.de\/?p=5078"},"modified":"2011-10-28T08:21:16","modified_gmt":"2011-10-28T07:21:16","slug":"schlicht-schlichter-schlichtung","status":"publish","type":"post","link":"https:\/\/willizblog.de\/?p=5078","title":{"rendered":"Schlicht, Schlichter, Schlichtung"},"content":{"rendered":"<p>Wie steht es eigentlich um den Lokf\u00fchrerstreik der <a href=\"http:\/\/www.gdl.de\/\" target=\"_blank\">GDL<\/a> bei der <a href=\"http:\/\/www.der-metronom.de\/\" target=\"_blank\"><em>metronom<\/em> Eisenbahngesellschaft mbH<\/a>? Am 30.08.2011 \u00fcbernahm Herr Prof. <a href=\"https:\/\/de.wikipedia.org\/wiki\/Georg_Milbradt\" target=\"_blank\">Georg Milbradt<\/a>, ehemaliger Ministerpr\u00e4sident des Freistaates Sachsen, auch f\u00fcr die Verhandlungen zwischen GDL und Metronom die Schlichtung. Die Friedenspflicht von acht Wochen, in der nicht gestreikt werden darf, ist Mitte dieser Woche ausgelaufen.<\/p>\n<p>Die letzte Meldung der Metronom-Website verk\u00fcndet \u2013 ganz <em>schlicht<\/em>:<\/p>\n<p><em>\u201eSehr geehrte Fahrg\u00e4ste,<\/em><\/p>\n<p><em>die Tarifvertragsparteien haben sich auf ein Schlichtungsverfahren geeinigt.<br \/>\nHerr Prof. Georg Milbradt \u00fcbernahm am 30.08.2011 die Schlichtung.<br \/>\nDas Schlichtungsverfahren l\u00e4uft voraussichtlich noch bis Ende November 2011.<\/em><\/p>\n<p><em>Ihr metronom Team\u201c<\/em><\/p>\n<p>Das kann nur hei\u00dfen, dass man sich auch nach acht langen Wochen nicht einig geworden ist \u2013 und noch einmal vier Wochen dranh\u00e4ngt. Ich will nicht unken, aber mir kommt es so vor, als wenn ein weiterer Streik der GDL beim Metronom noch lange nicht aus der Welt ist. Schauen wir nur weiter Richtung Norden. Bei der <a href=\"http:\/\/www.nord-ostsee-bahn.de\/\" target=\"_blank\">Nord-Ostsee-Bahn<\/a>, die nicht an der Schlichtung teilnimmt, wird <a href=\"http:\/\/www.noz.de\/deutschland-und-welt\/politik\/58226170\/und-taeglich-streiken-die-lokfuehrer\" target=\"_blank\">weiterhin (mit Unterbrechungen seit Februar) gestreikt<\/a>.<\/p>\n<p>Schlichter, GDL und die an der Schlichtung beteiligten Bahnunternehmen haben offensichtlich Stillschweigen \u00fcber eventuelle Zwischenergebnisse vereinbart, denn in den Medien wird lediglich vermeldet:<\/p>\n<p><em>\u201eBundesweit liefen derzeit vier Schlichtungen, darunter im Norden bei AKN und Metronom [&#8230;]. Bei der AKN und dem Metronom dauerten die Schlichtungsgespr\u00e4che an.\u201c<\/em> (Quelle: <a href=\"http:\/\/www.abendblatt.de\/region\/schleswig-holstein\/article2056003\/GDL-Chef-will-Dauerkonflikt-mit-Nord-Ostsee-Bahn-hochhalten.html\" target=\"_blank\">abendblatt.de<\/a>). Warum das im <a href=\"https:\/\/de.wikipedia.org\/wiki\/Pr%C3%A4teritum\" target=\"_blank\">Pr\u00e4teritum<\/a>, in der Vergangenheitsform, geschrieben steht, wei\u00df nur der Schreiber. Vielleicht will er der Hoffnung Ausdruck verleihen, dass dieser unselige Streik schlie\u00dflich ein Ende findet (fand).<\/p>\n<p>Ein Streik der Lokf\u00fchrer in der Vorweihnachts- und damit kalten Herbst- und Winterzeit w\u00e4re genau das, was wir Pendler gebrauchen k\u00f6nnen. Hoffen wir, das die Vernunft obsiegt und die Vertragspartner eine L\u00f6sung finden. <em>Ansonsten soll sie der Teufel holen &#8230;!!!<\/em><\/p>\n","protected":false},"excerpt":{"rendered":"<p>Wie steht es eigentlich um den Lokf\u00fchrerstreik der GDL bei der metronom Eisenbahngesellschaft mbH? Am 30.08.2011 \u00fcbernahm Herr Prof. Georg Milbradt, ehemaliger Ministerpr\u00e4sident des Freistaates Sachsen, auch f\u00fcr die Verhandlungen zwischen GDL und Metronom die Schlichtung. Die Friedenspflicht von acht Wochen, in der nicht gestreikt werden darf, ist Mitte dieser Woche ausgelaufen. Die letzte Meldung &hellip; <a href=\"https:\/\/willizblog.de\/?p=5078\" class=\"more-link\"><span class=\"screen-reader-text\">Schlicht, Schlichter, Schlichtung<\/span> weiterlesen <span class=\"meta-nav\">&rarr;<\/span><\/a><\/p>\n","protected":false},"author":1,"featured_media":0,"comment_status":"open","ping_status":"open","sticky":false,"template":"","format":"standard","meta":[],"categories":[22],"tags":[],"_links":{"self":[{"href":"https:\/\/willizblog.de\/index.php?rest_route=\/wp\/v2\/posts\/5078"}],"collection":[{"href":"https:\/\/willizblog.de\/index.php?rest_route=\/wp\/v2\/posts"}],"about":[{"href":"https:\/\/willizblog.de\/index.php?rest_route=\/wp\/v2\/types\/post"}],"author":[{"embeddable":true,"href":"https:\/\/willizblog.de\/index.php?rest_route=\/wp\/v2\/users\/1"}],"replies":[{"embeddable":true,"href":"https:\/\/willizblog.de\/index.php?rest_route=%2Fwp%2Fv2%2Fcomments&post=5078"}],"version-history":[{"count":0,"href":"https:\/\/willizblog.de\/index.php?rest_route=\/wp\/v2\/posts\/5078\/revisions"}],"wp:attachment":[{"href":"https:\/\/willizblog.de\/index.php?rest_route=%2Fwp%2Fv2%2Fmedia&parent=5078"}],"wp:term":[{"taxonomy":"category","embeddable":true,"href":"https:\/\/willizblog.de\/index.php?rest_route=%2Fwp%2Fv2%2Fcategories&post=5078"},{"taxonomy":"post_tag","embeddable":true,"href":"https:\/\/willizblog.de\/index.php?rest_route=%2Fwp%2Fv2%2Ftags&post=5078"}],"curies":[{"name":"wp","href":"https:\/\/api.w.org\/{rel}","templated":true}]}}