{"id":5086,"date":"2011-10-31T09:53:06","date_gmt":"2011-10-31T08:53:06","guid":{"rendered":"http:\/\/www.willizblog.de\/?p=5086"},"modified":"2011-10-31T08:53:43","modified_gmt":"2011-10-31T07:53:43","slug":"blumenpracht-teil-30","status":"publish","type":"post","link":"https:\/\/willizblog.de\/?p=5086","title":{"rendered":"Blumenpracht Teil 30"},"content":{"rendered":"<p>Die Bl\u00e4tter verf\u00e4rben sich, Bl\u00fcten verwelken. Die Blumenpracht im Garten nimmt nach und nach ein Ende. Und der November steht vor der T\u00fcr, der wohl am wenigsten beliebte Monat des Jahres, der meist grau in grau wolkenverhangen kaum Licht ins Haus bringt. Daf\u00fcr (wie jetzt in Nordamerika) f\u00e4llt meist der erste Schnee, Sturm fegt uns N\u00e4sse um die Ohren.<\/p>\n<p><object classid=\"clsid:D27CDB6E-AE6D-11cf-96B8-444553540000\" width=\"540\" height=\"180\" codebase=\"http:\/\/download.macromedia.com\/pub\/shockwave\/cabs\/flash\/swflash.cab\"><param name=\"movie\" value=\"https:\/\/www.willizblog.de\/blogpicts\/slideshow.swf?file=https:\/\/www.willizblog.de\/blogpicts\/blumen201102.xml\" \/><param name=\"wmode\" value=\"transparent\" \/><embed width=\"540\" height=\"180\" src=\"https:\/\/www.willizblog.de\/blogpicts\/slideshow.swf?file=https:\/\/www.willizblog.de\/blogpicts\/blumen201102.xml\" type=\"application\/x-shockwave-flash\" pluginspage=\"http:\/\/www.macromedia.com\/go\/getflashplayer\" wmode=\"transparent\" \/><\/object><\/p>\n<p>Aber noch ist es nicht ganz soweit. Die n\u00e4chste Tage versprechen durchaus milde Temperaturen, auch die Sonne soll sich zeigen. Genie\u00dfen wir noch einmal den Herbst mit all seinen satten Farben.<\/p>\n","protected":false},"excerpt":{"rendered":"<p>Die Bl\u00e4tter verf\u00e4rben sich, Bl\u00fcten verwelken. Die Blumenpracht im Garten nimmt nach und nach ein Ende. Und der November steht vor der T\u00fcr, der wohl am wenigsten beliebte Monat des Jahres, der meist grau in grau wolkenverhangen kaum Licht ins Haus bringt. Daf\u00fcr (wie jetzt in Nordamerika) f\u00e4llt meist der erste Schnee, Sturm fegt uns &hellip; <a href=\"https:\/\/willizblog.de\/?p=5086\" class=\"more-link\"><span class=\"screen-reader-text\">Blumenpracht Teil 30<\/span> weiterlesen <span class=\"meta-nav\">&rarr;<\/span><\/a><\/p>\n","protected":false},"author":1,"featured_media":0,"comment_status":"open","ping_status":"open","sticky":false,"template":"","format":"standard","meta":[],"categories":[16],"tags":[],"_links":{"self":[{"href":"https:\/\/willizblog.de\/index.php?rest_route=\/wp\/v2\/posts\/5086"}],"collection":[{"href":"https:\/\/willizblog.de\/index.php?rest_route=\/wp\/v2\/posts"}],"about":[{"href":"https:\/\/willizblog.de\/index.php?rest_route=\/wp\/v2\/types\/post"}],"author":[{"embeddable":true,"href":"https:\/\/willizblog.de\/index.php?rest_route=\/wp\/v2\/users\/1"}],"replies":[{"embeddable":true,"href":"https:\/\/willizblog.de\/index.php?rest_route=%2Fwp%2Fv2%2Fcomments&post=5086"}],"version-history":[{"count":0,"href":"https:\/\/willizblog.de\/index.php?rest_route=\/wp\/v2\/posts\/5086\/revisions"}],"wp:attachment":[{"href":"https:\/\/willizblog.de\/index.php?rest_route=%2Fwp%2Fv2%2Fmedia&parent=5086"}],"wp:term":[{"taxonomy":"category","embeddable":true,"href":"https:\/\/willizblog.de\/index.php?rest_route=%2Fwp%2Fv2%2Fcategories&post=5086"},{"taxonomy":"post_tag","embeddable":true,"href":"https:\/\/willizblog.de\/index.php?rest_route=%2Fwp%2Fv2%2Ftags&post=5086"}],"curies":[{"name":"wp","href":"https:\/\/api.w.org\/{rel}","templated":true}]}}