{"id":5093,"date":"2011-11-02T10:14:24","date_gmt":"2011-11-02T09:14:24","guid":{"rendered":"http:\/\/www.willizblog.de\/?p=5093"},"modified":"2011-11-02T10:14:24","modified_gmt":"2011-11-02T09:14:24","slug":"veranderte-prioritaten","status":"publish","type":"post","link":"https:\/\/willizblog.de\/?p=5093","title":{"rendered":"Ver\u00e4nderte Priorit\u00e4ten"},"content":{"rendered":"<p>Denken M\u00e4nner wirklich nur an das <em>Eine<\/em>? Oder doch an das <em>Andere<\/em>? Und was ist mit Frauen? Angeblich fassen sich \u2013 statistisch belegt \u2013 M\u00e4nner bis zu zwanzig Mal am Tag \u201ain ihren Schritt\u2019. Vielleicht pr\u00fcfen sie so, ob noch \u201aalles\u2019 an Ort und Stelle ist. Es k\u00f6nnte ja etwas abgefallen sein. Mein Schamgef\u00fchl verbietet mir solches Pr\u00fcfen. Ich kompensiere das wohl damit, indem ich mir an die Nase fasse, und begr\u00fcnde das mit dem Gr\u00fcbeln \u00fcber das <em>eine<\/em> oder <em>andere<\/em> Problem.<\/p>\n<p>Ob man nun an das <em>Eine<\/em> oder <em>Andere<\/em> (oder gar <em>Weitere<\/em>) denkt, so will es uns das folgende Bildchen suggerieren, ist altersabh\u00e4ngig. Sicherlich verschieben sich im Alter die Priorit\u00e4ten.<\/p>\n<p><img src=\"https:\/\/www.willizblog.de\/blogpicts\/sex_money_toilet.gif\" alt=\"Sex Money Toilet\" title=\"Sex Money Toilet\" \/><\/p>\n<p>Karikaturisten neigen zu \u00dcbertreibungen. Wie sollte sonst auch so etwas wie Humor entstehen (in diesem Zusammenhang). Sicherlich ist es richtig, das besonders junge Menschen (ich m\u00f6chte Frauen nicht ausschlie\u00dfen) an das <em>Eine<\/em> denken, so unbeschwert und frei von Karrierestreben sie noch sind. Und steht man erst einmal im Beruf, dann ver\u00e4ndern sich auch die Gedanken und das Verlangen. Mann und Frau denken nat\u00fcrlich erstrangig an Haus, Heim und Familie, wenn sie an der <em>Andere<\/em> denken. Es sind doch hier keine Egoisten unter uns, oder? Und mit dem Alter, wenn die Blase schw\u00e4cher wird und der Darm &#8230; <\/p>\n<p>\u00c4hem, was ich noch sagen wollte: Ausnahmen best\u00e4tigen oft die Regel. Und so \u00fcberspringt der oder die <em>eine<\/em> oder <em>andere<\/em> das <em>Eine<\/em>, l\u00e4sst es links liegen, um sich gleich dem <em>Anderen<\/em> zu widmen. Oder, frei nach dem Motto: Je oller, je doller \u2013 treibt es manche(r) noch im Alter ohne Unterlass, w\u00e4hrend die Altersgenossen und \u2013genossinen Schlange stehen, um endlich aufs T\u00f6pfchen zu kommen.<\/p>\n","protected":false},"excerpt":{"rendered":"<p>Denken M\u00e4nner wirklich nur an das Eine? Oder doch an das Andere? Und was ist mit Frauen? Angeblich fassen sich \u2013 statistisch belegt \u2013 M\u00e4nner bis zu zwanzig Mal am Tag \u201ain ihren Schritt\u2019. Vielleicht pr\u00fcfen sie so, ob noch \u201aalles\u2019 an Ort und Stelle ist. Es k\u00f6nnte ja etwas abgefallen sein. Mein Schamgef\u00fchl verbietet &hellip; <a href=\"https:\/\/willizblog.de\/?p=5093\" class=\"more-link\"><span class=\"screen-reader-text\">Ver\u00e4nderte Priorit\u00e4ten<\/span> weiterlesen <span class=\"meta-nav\">&rarr;<\/span><\/a><\/p>\n","protected":false},"author":1,"featured_media":0,"comment_status":"open","ping_status":"open","sticky":false,"template":"","format":"standard","meta":[],"categories":[7,18],"tags":[],"_links":{"self":[{"href":"https:\/\/willizblog.de\/index.php?rest_route=\/wp\/v2\/posts\/5093"}],"collection":[{"href":"https:\/\/willizblog.de\/index.php?rest_route=\/wp\/v2\/posts"}],"about":[{"href":"https:\/\/willizblog.de\/index.php?rest_route=\/wp\/v2\/types\/post"}],"author":[{"embeddable":true,"href":"https:\/\/willizblog.de\/index.php?rest_route=\/wp\/v2\/users\/1"}],"replies":[{"embeddable":true,"href":"https:\/\/willizblog.de\/index.php?rest_route=%2Fwp%2Fv2%2Fcomments&post=5093"}],"version-history":[{"count":0,"href":"https:\/\/willizblog.de\/index.php?rest_route=\/wp\/v2\/posts\/5093\/revisions"}],"wp:attachment":[{"href":"https:\/\/willizblog.de\/index.php?rest_route=%2Fwp%2Fv2%2Fmedia&parent=5093"}],"wp:term":[{"taxonomy":"category","embeddable":true,"href":"https:\/\/willizblog.de\/index.php?rest_route=%2Fwp%2Fv2%2Fcategories&post=5093"},{"taxonomy":"post_tag","embeddable":true,"href":"https:\/\/willizblog.de\/index.php?rest_route=%2Fwp%2Fv2%2Ftags&post=5093"}],"curies":[{"name":"wp","href":"https:\/\/api.w.org\/{rel}","templated":true}]}}