{"id":510,"date":"2006-06-08T05:57:37","date_gmt":"2006-06-08T03:57:37","guid":{"rendered":"http:\/\/www.albinz.de\/blog\/?p=510"},"modified":"2006-06-09T09:23:34","modified_gmt":"2006-06-09T07:23:34","slug":"ab-200708-wird-in-der-t-com-liga-gekickt","status":"publish","type":"post","link":"https:\/\/willizblog.de\/?p=510","title":{"rendered":"Ab 2007\/08 wird in der &#8222;T-Com&#8220;-Liga gekickt"},"content":{"rendered":"<p>Man gew\u00f6hnt sich an vieles. Dass das Volksparkstadion jetzt AOL Arena hei\u00dft und AufSchalke eben Veltins-Arena (kein Wunder, nachdem Rudi Assauer selbst bereits reichlich Werbung f\u00fcr das Bier machte). Wenn denn ein neues Stadion gebaut wird, dann darf es gern auch einen neuen Namen haben: die neue M\u00fcnchner Allianz Arena. Aber warum eigentlich immer Arena, k\u00e4mpfen dort Gladiatoren?<\/p>\n<p>Das Weserstadion in Bremen hei\u00dft immerhin noch Weserstadion und das Berliner Olympiastadion hat auch noch nicht seinen Namen ge\u00e4ndert (wie lange noch?). Daf\u00fcr hei\u00dft die gute, alte Bremer Stadthalle seit einiger Zeit AWD Dome (warum nicht gleich Kathedrale oder englisch Cathedral?).<\/p>\n<p>Wen wundert es dann noch, wenn auch die Fu\u00dfball-Bundesliga sich mit einem Sponsorennamen zu schm\u00fccken trachtet. Nach dem Kuhhandel zwischen T-Com und dem neuen Pay-TV-Anbieter Arena wird ab der Saison 2007\/08 die Bundesliga somit <a title=\"T-Com Bundesliga\" href=\"http:\/\/www.heute.de\/ZDFheute\/inhalt\/17\/0,3672,3941841,00.html\" target=\"_blank\">T-Com-Liga<\/a> bzw. T-Com-Bundesliga hei\u00dfen.<\/p>\n<p>Schon in der kommenden Saison m\u00fcssen die Spieler aller 36 Vereine das Telekom-Logo auf den \u00c4rmeln ihrer Trikots tragen. Auch die Auswechsel-Tafeln zeigen den Namenszug des Sponsors.<\/p>\n<p>Das Ganze bringt nat\u00fcrlich ordentlich Kohle in die Kassen der Vereine. Sei es ihnen geg\u00f6nnt. Aber die erste Fu\u00dfballliga wird f\u00fcr mich weiterhin nur Bundesliga hei\u00dfen. Man kann nat\u00fcrlich froh sein, dass z.B. kein Klob\u00fcrstenfabrikant als Sponsor f\u00fcr den deutschen Fu\u00dfball auftritt, denn dann &#8230;<\/p>\n<p>Und das Nemensrecht sollte man auch schon einmal vorsorglich \u00e4ndern, damit man den Lebensweg seiner Kindern sponsern lassen kann. Dann hei\u00dfen die lieben Kleinen eben mit Vornamen <em>Haribo<\/em> oder <em>Mike-Rosoft<\/em> oder so &#8230;<\/p>\n","protected":false},"excerpt":{"rendered":"<p>Man gew\u00f6hnt sich an vieles. Dass das Volksparkstadion jetzt AOL Arena hei\u00dft und AufSchalke eben Veltins-Arena (kein Wunder, nachdem Rudi Assauer selbst bereits reichlich Werbung f\u00fcr das Bier machte). Wenn denn ein neues Stadion gebaut wird, dann darf es gern auch einen neuen Namen haben: die neue M\u00fcnchner Allianz Arena. Aber warum eigentlich immer Arena, &hellip; <a href=\"https:\/\/willizblog.de\/?p=510\" class=\"more-link\"><span class=\"screen-reader-text\">Ab 2007\/08 wird in der &#8222;T-Com&#8220;-Liga gekickt<\/span> weiterlesen <span class=\"meta-nav\">&rarr;<\/span><\/a><\/p>\n","protected":false},"author":1,"featured_media":0,"comment_status":"closed","ping_status":"closed","sticky":false,"template":"","format":"standard","meta":[],"categories":[4],"tags":[],"_links":{"self":[{"href":"https:\/\/willizblog.de\/index.php?rest_route=\/wp\/v2\/posts\/510"}],"collection":[{"href":"https:\/\/willizblog.de\/index.php?rest_route=\/wp\/v2\/posts"}],"about":[{"href":"https:\/\/willizblog.de\/index.php?rest_route=\/wp\/v2\/types\/post"}],"author":[{"embeddable":true,"href":"https:\/\/willizblog.de\/index.php?rest_route=\/wp\/v2\/users\/1"}],"replies":[{"embeddable":true,"href":"https:\/\/willizblog.de\/index.php?rest_route=%2Fwp%2Fv2%2Fcomments&post=510"}],"version-history":[{"count":0,"href":"https:\/\/willizblog.de\/index.php?rest_route=\/wp\/v2\/posts\/510\/revisions"}],"wp:attachment":[{"href":"https:\/\/willizblog.de\/index.php?rest_route=%2Fwp%2Fv2%2Fmedia&parent=510"}],"wp:term":[{"taxonomy":"category","embeddable":true,"href":"https:\/\/willizblog.de\/index.php?rest_route=%2Fwp%2Fv2%2Fcategories&post=510"},{"taxonomy":"post_tag","embeddable":true,"href":"https:\/\/willizblog.de\/index.php?rest_route=%2Fwp%2Fv2%2Ftags&post=510"}],"curies":[{"name":"wp","href":"https:\/\/api.w.org\/{rel}","templated":true}]}}