{"id":5101,"date":"2011-11-04T10:01:54","date_gmt":"2011-11-04T09:01:54","guid":{"rendered":"http:\/\/www.willizblog.de\/?p=5101"},"modified":"2011-11-03T13:40:01","modified_gmt":"2011-11-03T12:40:01","slug":"krieg-der-apfel","status":"publish","type":"post","link":"https:\/\/willizblog.de\/?p=5101","title":{"rendered":"Krieg der \u00c4pfel"},"content":{"rendered":"<p>Bekanntlich begann alles einmal mit <a href=\"https:\/\/de.wikipedia.org\/wiki\/Adam_und_Eva\" target=\"_blank\">Adam und Eva<\/a> \u2013 und einer Frucht vom <a href=\"https:\/\/de.wikipedia.org\/wiki\/Baum_der_Erkenntnis\" target=\"_blank\">Baum der Erkenntnis<\/a>. Ob diese Frucht nun ein <a href=\"https:\/\/de.wikipedia.org\/wiki\/%C3%84pfel\" target=\"_blank\">Apfel<\/a> oder doch nur eine Feige war, ist umstritten, denn das g\u00e4ngige Bild vom Apfel als verbotener Paradiesfrucht beruht wahrscheinlich auf einer falschen \u00dcbersetzung des lateinischen Wortes malum, das sowohl \u201eb\u00f6se\u201c als auch \u201eApfelbaum\u201c bedeuten kann.<\/p>\n<p>Nun um \u00c4pfel streiten sich nicht nur <a href=\"https:\/\/www.willizblog.de\/?p=638\" target=\"_blank\">die Adams<\/a> dieser Welt (oder hei\u00dft es Ad\u00e4me?), sondern auch Herren in den Vorstandsetagen. Der Apfel hat Symbolcharakter und ist selbst in einfachster Stilisierung als solcher erkennbar. Bei den Beatles und ihrem Firmenimperium (<a href=\"https:\/\/de.wikipedia.org\/wiki\/Apple_Corps\" target=\"_blank\">Apple Corps<\/a> als Dach und <a href=\"https:\/\/de.wikipedia.org\/wiki\/Apple_Records\" target=\"_blank\">Apple Records<\/a> als Plattenlabel) gen\u00fcgte ein Apfel der Sorte <a href=\"https:\/\/de.wikipedia.org\/wiki\/Granny_Smith\" target=\"_blank\">Granny Smith<\/a> als Logo und damit unverkennbarem Erkennungszeichen. Aber dann kamen die Herren Steve Jobs, Steve Wozniak und Ronald Wayne und gr\u00fcndeten eine Firma, die ebenfalls <a href=\"https:\/\/de.wikipedia.org\/wiki\/Apple\" target=\"_blank\">Apple<\/a> hie\u00df und ebenso einen Apfel als Logo benutzte, wenn auch einen angebissenen (Das heutige Logo einer Apfelsilhouette mit Biss wurde von Regis McKenna 1976 entworfen).<\/p>\n<p>Solange Apple Computer Inc. (heute nur noch Apple Inc.) nur Computer verkaufte, war aller Apple-Leute Welt noch in Ordnung. Mit Apples (die mit den Computern) Verkauf des iPods und der Betrieb des iTunes Stores begannen dann aber die <a href=\"http:\/\/www.netzeitung.de\/internet\/389209.html\" target=\"_blank\">gerichtlichen Auseinandersetzungen<\/a>, denn beide \u00c4pfel hatten eine Vereinbarung unterschrieben, wonach sich Apple Computer nicht in der Musikindustrie bet\u00e4tigen w\u00fcrde. Am Ende musste Apple Computer 26 Mio. US-Dollar Strafe zahlen. \u201eIm Februar 2007 \u00fcbernahm Apple die Rechte am Namen \u201aApple\u2019 und den Apfel-Logos von Apple Records, das diese Warenzeichen zuk\u00fcnftig von Apple lizenziert. Die Apple Inc. ist dem Vergleich zufolge Eigent\u00fcmerin aller Markenrechte, die mit dem Namen \u201aApple\u2019 zu tun haben, und wird bestimmte Rechte an das Beatles-Unternehmen lizenzieren.\u201c (Quelle: <a href=\"https:\/\/de.wikipedia.org\/wiki\/Apple#Entstehung_des_Namens\" target=\"_blank\">de.wikipedia.org<\/a>)<\/p>\n<p>Nun <a href=\"http:\/\/www.heute.de\/ZDFheute\/inhalt\/26\/0,3672,8364922,00.html\" target=\"_blank\">erdreistet sich<\/a> eine Bonner Caf\u00e9-Besitzerin, mit einem Apfellogo an den Markt zu gehen: <a href=\"http:\/\/www.apfel-kind.de\/\" target=\"_blank\">Apfelkind<\/a> hei\u00dft das Cafe und bietet nicht nur Apfelkuchen an. Das Apfelkind-Logo sei dem von Apple einfach zu \u00e4hnlich Vielleicht liegt es daran, dass sich (k)ein Apfel dem anderen gleicht wie (k)ein Ei dem anderen? \u201e<a href=\"http:\/\/www.google.de\/search?hl=de&#038;gl=de&#038;tbm=nws&#038;btnmeta_news_search=1&#038;q=apfelkind\" target=\"_blank\">Im Netz<\/a> wird Apple daf\u00fcr heftig kritisiert. Eine Marke muss verteidigt werden, sagen dagegen Experten und verweisen auf das deutsche Markenrecht.\u201c Die Experten sind wahrscheinlich Rechtsanw\u00e4lte, die mit Prozessen um Markenrechtsfragen ordentlich Knete machen. \u00c4hnliche Zicken wie Apple Inc. machte ja bereits vor einiger Zeit <a href=\"http:\/\/www.jack-wolfskin.com\/de-de\/home.aspx\" target=\"_blank\">Jack Wolfskin<\/a> mit seiner Wolfstatze.<\/p>\n<p>Klar doch: Ein Apfel ist doch kein Allgemeingut. Da k\u00f6nnte ja jeder kommen. Und wer an \u00c4pfel denkt, denkt nat\u00fcrlich zuerst an Apple (und erst dann an diese runden Fr\u00fcchtchen \u2013 und Apfelkuchen).<\/p>\n<table border=\"0\" cellpadding=\"4\" cellspacing=\"0\" width=\"100%\">\n<tr>\n<td width=\"33%\">\n<p align=\"center\"><img loading=\"lazy\" border=\"0\" src=\"https:\/\/www.willizblog.de\/blogpicts\/apfelkind.jpg\" alt=\"Apfelkind\" title=\"Apfelkind\" width=\"225\" height=\"150\"><\/td>\n<td width=\"33%\">\n<p align=\"center\"><img loading=\"lazy\" border=\"0\" src=\"https:\/\/www.willizblog.de\/blogpicts\/apple.jpg\" alt=\"Apple\" title=\"Apple\" width=\"150\" height=\"150\"><\/td>\n<td width=\"34%\">\n<p align=\"center\"><img loading=\"lazy\" border=\"0\" src=\"https:\/\/www.willizblog.de\/blogpicts\/beatles_apple.jpg\" alt=\"Beatles: Apple Rec.\" title=\"Beatles: Apple Rec.\" width=\"158\" height=\"150\"><\/td>\n<\/tr>\n<tr>\n<td width=\"33%\">\n<p align=\"right\"><font face=\"Lucida Grande, Lucida Sans Unicode, Verdana, sans-serif\" size=\"2\">Quelle: <a href=\"http:\/\/www.apfel-kind.de\/\" target=\"_blank\"><font color=\"#000000\">apfel-kind.de<\/font><\/a><\/font><\/td>\n<td width=\"33%\">\n<p align=\"right\"><font face=\"Lucida Grande, Lucida Sans Unicode, Verdana, sans-serif\" size=\"2\">Quelle: <a href=\"http:\/\/www.apple.com\/\" target=\"_blank\"><font color=\"#000000\">apple.com<\/font><\/a><\/font><\/td>\n<td width=\"34%\">\n<p align=\"right\"><font face=\"Lucida Grande, Lucida Sans Unicode, Verdana, sans-serif\" size=\"2\">Quelle: <a href=\"http:\/\/www.beatles.com\/\" target=\"_blank\"><font color=\"#000000\">beatles.com<\/font><\/a><\/font><\/td>\n<\/tr>\n<\/table>\n<p>Vielleicht h\u00e4tte das Cafe Apfelkind statt des Apfels doch eine Birne (englisch: pear) nehmen sollen. Aber die gesch\u00fcttelte Form dieser Frucht (Shakespeare) ist bereits \u201abesetzt\u2019 \u2013 und in Deutschland g\u00e4be es markenrechtliche Probleme mit Alt-Bundeskanzler <a href=\"https:\/\/de.wikipedia.org\/wiki\/Helmut_Kohl\" target=\"_blank\">Helmut Kohl<\/a> und seinem Spitznamen <a href=\"https:\/\/de.wikipedia.org\/wiki\/Helmut_Kohl#Witz.2C_Satire_und_Parodie\" target=\"_blank\">\u201aBirne\u2019<\/a>, den er von den <a href=\"https:\/\/de.wikipedia.org\/wiki\/Titanic_%28Magazin%29\" target=\"_blank\">TITANIC<\/a>-Heroen Knorr und Traxler geschenkt bekam und der ihn auf etlichen TITANIC-Titeln zierte:<\/p>\n<ul><img src=\"http:\/\/www.titanic-magazin.de\/uploads\/pics\/8211-birne-muss-kanzler-PK.jpg\" alt=\"Birne Helmut Kohl\" title=\"Birne Helmut Kohl\" \/><\/ul>\n<p>Quelle: <a href=\"http:\/\/www.titanic-magazin.de\/\" target=\"_blank\">titanic.de<\/a> (November 1982)<\/p>\n<p><em>Und wie w\u00e4re es mit Pflaumen &#8230;?!<\/em><\/p>\n","protected":false},"excerpt":{"rendered":"<p>Bekanntlich begann alles einmal mit Adam und Eva \u2013 und einer Frucht vom Baum der Erkenntnis. Ob diese Frucht nun ein Apfel oder doch nur eine Feige war, ist umstritten, denn das g\u00e4ngige Bild vom Apfel als verbotener Paradiesfrucht beruht wahrscheinlich auf einer falschen \u00dcbersetzung des lateinischen Wortes malum, das sowohl \u201eb\u00f6se\u201c als auch \u201eApfelbaum\u201c &hellip; <a href=\"https:\/\/willizblog.de\/?p=5101\" class=\"more-link\"><span class=\"screen-reader-text\">Krieg der \u00c4pfel<\/span> weiterlesen <span class=\"meta-nav\">&rarr;<\/span><\/a><\/p>\n","protected":false},"author":1,"featured_media":0,"comment_status":"open","ping_status":"open","sticky":false,"template":"","format":"standard","meta":[],"categories":[7],"tags":[],"_links":{"self":[{"href":"https:\/\/willizblog.de\/index.php?rest_route=\/wp\/v2\/posts\/5101"}],"collection":[{"href":"https:\/\/willizblog.de\/index.php?rest_route=\/wp\/v2\/posts"}],"about":[{"href":"https:\/\/willizblog.de\/index.php?rest_route=\/wp\/v2\/types\/post"}],"author":[{"embeddable":true,"href":"https:\/\/willizblog.de\/index.php?rest_route=\/wp\/v2\/users\/1"}],"replies":[{"embeddable":true,"href":"https:\/\/willizblog.de\/index.php?rest_route=%2Fwp%2Fv2%2Fcomments&post=5101"}],"version-history":[{"count":0,"href":"https:\/\/willizblog.de\/index.php?rest_route=\/wp\/v2\/posts\/5101\/revisions"}],"wp:attachment":[{"href":"https:\/\/willizblog.de\/index.php?rest_route=%2Fwp%2Fv2%2Fmedia&parent=5101"}],"wp:term":[{"taxonomy":"category","embeddable":true,"href":"https:\/\/willizblog.de\/index.php?rest_route=%2Fwp%2Fv2%2Fcategories&post=5101"},{"taxonomy":"post_tag","embeddable":true,"href":"https:\/\/willizblog.de\/index.php?rest_route=%2Fwp%2Fv2%2Ftags&post=5101"}],"curies":[{"name":"wp","href":"https:\/\/api.w.org\/{rel}","templated":true}]}}