{"id":5121,"date":"2011-11-10T09:01:41","date_gmt":"2011-11-10T08:01:41","guid":{"rendered":"http:\/\/www.willizblog.de\/?p=5121"},"modified":"2011-11-08T14:56:31","modified_gmt":"2011-11-08T13:56:31","slug":"fieser-fuchs","status":"publish","type":"post","link":"https:\/\/willizblog.de\/?p=5121","title":{"rendered":"Fieser Fuchs"},"content":{"rendered":"<p>Meine S\u00f6hne sind ja nicht nur <a href=\"https:\/\/www.willizblog.de\/?p=5116\" target=\"_blank\">musikalisch kreativ<\/a>, sondern bet\u00e4tigen sich auch zeichnerisch. Von Jan, dem \u00c4lteren, habe ich ja bereits <a href=\"https:\/\/www.willizblog.de\/?cat=37\" target=\"_blank\">einige Kalenderbl\u00e4tter<\/a> (f\u00fcr das Jahr 2006) hier vorgestellt \u2013 und auch zwei Comics anl\u00e4sslich meiner Geburtstage <a href=\"https:\/\/www.willizblog.de\/?p=751\" target=\"_blank\">2007<\/a> und <a href=\"https:\/\/www.willizblog.de\/?p=1441\" target=\"_blank\">2009<\/a> (was soll ich nur von einem so \u2018respektlosen\u2019 Sohn halten?). Lukas, der J\u00fcngere, ist mindestens genauso kreativ, vor allem wenn es um die Entw\u00fcrfe von Comic-Figuren geht (ich muss ihm einmal einige Zeichnungen abluchsen). Fr\u00fcher hat er u.a. auch T-Shirts entworfen.<\/p>\n<p>Nun ist der \u00e4ltere meiner S\u00f6hne noch einen Schritt weiter gegangen und setzt seine Figuren in 3D um, d.h. er erweckt sie als Stofftiere zum Leben. Daf\u00fcr hat er sogar extra einen N\u00e4hmaschinenkurs absolviert. Meine Frau hat ihm bereits eine eigene N\u00e4hmaschine besorgt. Eines seiner ersten Produkte ist der \u201e<a href=\"http:\/\/de.wiktionary.org\/wiki\/fies\" target=\"_blank\">fiese<\/a> Fuchs\u201c, ein Unikat, das er am letzten Wochenende einer Freundin zum Geburtstag geschenkt hat. Zuvor habe ich schnell noch einige Fotos geschossen, damit das Stofftier auch f\u00fcr \u201adie Ewigkeit\u2019 erhalten bleibt.<\/p>\n<table border=\"0\" cellpadding=\"4\" cellspacing=\"0\" width=\"100%\">\n<tr>\n<td width=\"50%\">\n<p align=\"center\"><img loading=\"lazy\" border=\"0\" src=\"https:\/\/www.willizblog.de\/blogpicts\/fieser_fuchs01.jpg\" alt=\"Fieser Fuchs - \u00a9 Jan Einar Albin\" width=\"270\" height=\"202\"><\/td>\n<td width=\"50%\" rowspan=\"2\">\n<p align=\"center\"><img loading=\"lazy\" border=\"0\" src=\"https:\/\/www.willizblog.de\/blogpicts\/fieser_fuchs02.jpg\" alt=\"Fieser Fuchs - \u00a9 Jan Einar Albin\" width=\"270\" height=\"360\"><\/td>\n<\/tr>\n<tr>\n<td width=\"50%\">\n<p align=\"center\"><font face=\"Lucida Grande, Lucida Sans Unicode, Verdana, sans-serif\">Fieser Fuchs &#8211; \u00a9 <font size=\"2\">Jan Einar Albin<\/font><\/font><\/td>\n<\/tr>\n<\/table>\n<p>Weihnachten steht vor der T\u00fcr. Und so ist damit zu rechnen, dass sich weitere Comic-Helden in Stoff und F\u00fcllwatte materialisieren (ich habe meinen Geschenkwunsch, einen \u201awilden Willi\u2019, schon in Auftrag gegeben &#8211; gewisserma\u00dfen). Wann das Ganze dann in Serienproduktion geht, ist zz. noch nicht abzusehen \ud83d\ude09<\/p>\n","protected":false},"excerpt":{"rendered":"<p>Meine S\u00f6hne sind ja nicht nur musikalisch kreativ, sondern bet\u00e4tigen sich auch zeichnerisch. Von Jan, dem \u00c4lteren, habe ich ja bereits einige Kalenderbl\u00e4tter (f\u00fcr das Jahr 2006) hier vorgestellt \u2013 und auch zwei Comics anl\u00e4sslich meiner Geburtstage 2007 und 2009 (was soll ich nur von einem so \u2018respektlosen\u2019 Sohn halten?). Lukas, der J\u00fcngere, ist mindestens &hellip; <a href=\"https:\/\/willizblog.de\/?p=5121\" class=\"more-link\"><span class=\"screen-reader-text\">Fieser Fuchs<\/span> weiterlesen <span class=\"meta-nav\">&rarr;<\/span><\/a><\/p>\n","protected":false},"author":1,"featured_media":0,"comment_status":"open","ping_status":"open","sticky":false,"template":"","format":"standard","meta":[],"categories":[7,37],"tags":[],"_links":{"self":[{"href":"https:\/\/willizblog.de\/index.php?rest_route=\/wp\/v2\/posts\/5121"}],"collection":[{"href":"https:\/\/willizblog.de\/index.php?rest_route=\/wp\/v2\/posts"}],"about":[{"href":"https:\/\/willizblog.de\/index.php?rest_route=\/wp\/v2\/types\/post"}],"author":[{"embeddable":true,"href":"https:\/\/willizblog.de\/index.php?rest_route=\/wp\/v2\/users\/1"}],"replies":[{"embeddable":true,"href":"https:\/\/willizblog.de\/index.php?rest_route=%2Fwp%2Fv2%2Fcomments&post=5121"}],"version-history":[{"count":0,"href":"https:\/\/willizblog.de\/index.php?rest_route=\/wp\/v2\/posts\/5121\/revisions"}],"wp:attachment":[{"href":"https:\/\/willizblog.de\/index.php?rest_route=%2Fwp%2Fv2%2Fmedia&parent=5121"}],"wp:term":[{"taxonomy":"category","embeddable":true,"href":"https:\/\/willizblog.de\/index.php?rest_route=%2Fwp%2Fv2%2Fcategories&post=5121"},{"taxonomy":"post_tag","embeddable":true,"href":"https:\/\/willizblog.de\/index.php?rest_route=%2Fwp%2Fv2%2Ftags&post=5121"}],"curies":[{"name":"wp","href":"https:\/\/api.w.org\/{rel}","templated":true}]}}