{"id":5193,"date":"2011-11-23T09:38:42","date_gmt":"2011-11-23T08:38:42","guid":{"rendered":"http:\/\/www.willizblog.de\/?p=5193"},"modified":"2011-11-23T08:41:39","modified_gmt":"2011-11-23T07:41:39","slug":"meine-zeit-meine-vergeudung","status":"publish","type":"post","link":"https:\/\/willizblog.de\/?p=5193","title":{"rendered":"Meine Zeit, meine Vergeudung &#8230;"},"content":{"rendered":"<p>Oft mokiere ich mich \u00fcber die <a href=\"https:\/\/www.willizblog.de\/?cat=22\" target=\"_blank\">Versp\u00e4tungen im Zugverkehr<\/a>, von denen ich betroffen bin. Und manches Meeting, manche Gespr\u00e4chsrunde (von mir als <a href=\"https:\/\/www.willizblog.de\/?p=2778\" target=\"_blank\">Laberrunde<\/a> betitelt) ist f\u00fcr die Katz. Das Leben ist kurz genug, um es sich vergeuden zu lassen. <\/p>\n<p>Ja, ich komme noch einmal auf <a href=\"https:\/\/de.wikipedia.org\/wiki\/Wole_Soyinka\" target=\"_blank\">Wole Soyinka<\/a> zur\u00fcck und auf einen Absatz aus seinem Roman <a href=\"https:\/\/www.willizblog.de\/?p=5171\" target=\"_blank\">\u201eDie Ausleger\u201c<\/a>. Die Person, die hier spricht, ist nur eine Nebenfigur des Romans. Trotzdem finde ich interessant, was er hier \u00fcber seine Zeit und die Vergeudung dieser zu sagen hat. In gewisser Hinsicht kann ich mich dem durchaus anschlie\u00dfen:<\/p>\n<p>\u201e [&#8230;] <em>Manche nennen es meine All\u00fcren.\u201c<\/em><br \/>\n<em>\u201eUnd das macht dir nicht aus?\u201c<\/em><br \/>\n<em>\u201eIch k\u00fcmmre mich nicht um Idioten, warum sollte ich auch? Ich bin kein geselliger Mensch. Ich gehe nicht auf ihre Partys, und ich nehme nicht an ihren Versammlungen teil. Ich sch\u00e4tze den Wert meiner eigenen Zeit hoch ein, und ich ver\u00fcble es einem Mann fast bis zum Punkt fanatischer Rache, wenn ich ihm auch nur eine Sekunde meiner Zeit opfern mu\u00df. Wenn ich einen ganzen Tag verschwende und nur in meiner Bude hocke und nichts tue, dann ist das meine Sache, aber ich m\u00f6chte meine eigene Zeit selbst verschwenden.\u201c<\/em><\/p>\n<p>aus: Wole Soyinka: <a href=\"https:\/\/www.amazon.de\/gp\/search?ie=UTF8&#038;keywords=wole%20soyinka%20ausleger&#038;tag=familiealbin-21&#038;index=aps&#038;linkCode=ur2&#038;camp=1638&#038;creative=6742\" target=\"_blank\"><strong>Die Ausleger<\/strong><\/a><img loading=\"lazy\" src=\"https:\/\/www.assoc-amazon.de\/e\/ir?t=familiealbin-21&#038;l=ur2&#038;o=3\" width=\"1\" height=\"1\" border=\"0\" alt=\"\" style=\"border:none !important; margin:0px !important;\" \/> (S. 271 &#8211; Walter-Verlag, Olten und Freiburg im Breisgau, 1983 &#8211; Dialog Afrika \u2013 \u00dcbersetzung von Inge Uffelmann \u2013 Original: The interpreters, 1965)<\/p>\n","protected":false},"excerpt":{"rendered":"<p>Oft mokiere ich mich \u00fcber die Versp\u00e4tungen im Zugverkehr, von denen ich betroffen bin. Und manches Meeting, manche Gespr\u00e4chsrunde (von mir als Laberrunde betitelt) ist f\u00fcr die Katz. Das Leben ist kurz genug, um es sich vergeuden zu lassen. Ja, ich komme noch einmal auf Wole Soyinka zur\u00fcck und auf einen Absatz aus seinem Roman &hellip; <a href=\"https:\/\/willizblog.de\/?p=5193\" class=\"more-link\"><span class=\"screen-reader-text\">Meine Zeit, meine Vergeudung &#8230;<\/span> weiterlesen <span class=\"meta-nav\">&rarr;<\/span><\/a><\/p>\n","protected":false},"author":1,"featured_media":0,"comment_status":"open","ping_status":"open","sticky":false,"template":"","format":"standard","meta":[],"categories":[15,14],"tags":[],"_links":{"self":[{"href":"https:\/\/willizblog.de\/index.php?rest_route=\/wp\/v2\/posts\/5193"}],"collection":[{"href":"https:\/\/willizblog.de\/index.php?rest_route=\/wp\/v2\/posts"}],"about":[{"href":"https:\/\/willizblog.de\/index.php?rest_route=\/wp\/v2\/types\/post"}],"author":[{"embeddable":true,"href":"https:\/\/willizblog.de\/index.php?rest_route=\/wp\/v2\/users\/1"}],"replies":[{"embeddable":true,"href":"https:\/\/willizblog.de\/index.php?rest_route=%2Fwp%2Fv2%2Fcomments&post=5193"}],"version-history":[{"count":0,"href":"https:\/\/willizblog.de\/index.php?rest_route=\/wp\/v2\/posts\/5193\/revisions"}],"wp:attachment":[{"href":"https:\/\/willizblog.de\/index.php?rest_route=%2Fwp%2Fv2%2Fmedia&parent=5193"}],"wp:term":[{"taxonomy":"category","embeddable":true,"href":"https:\/\/willizblog.de\/index.php?rest_route=%2Fwp%2Fv2%2Fcategories&post=5193"},{"taxonomy":"post_tag","embeddable":true,"href":"https:\/\/willizblog.de\/index.php?rest_route=%2Fwp%2Fv2%2Ftags&post=5193"}],"curies":[{"name":"wp","href":"https:\/\/api.w.org\/{rel}","templated":true}]}}