{"id":523,"date":"2006-06-23T07:11:53","date_gmt":"2006-06-23T05:11:53","guid":{"rendered":"http:\/\/www.albinz.de\/blog\/?p=523"},"modified":"2011-02-24T10:06:08","modified_gmt":"2011-02-24T09:06:08","slug":"nachrichten-auf-bildzeitungsniveau-4","status":"publish","type":"post","link":"https:\/\/willizblog.de\/?p=523","title":{"rendered":"Nachrichten auf Bildzeitungsniveau (4)"},"content":{"rendered":"<table cellspacing=\"0\" cellpadding=\"6\" width=\"100%\" border=\"0\">\n<tr>\n<td style=\"width: 75%\"><font face=\"verdana, arial, sans-serif\" color=\"#ff0000\" size=\"4\">Fu\u00dfball-Weltmeisterschaft 2006<\/font><\/td>\n<td style=\"width: 25%\"><img loading=\"lazy\" alt=\"Wild-Zeitung\" src=\"https:\/\/www.willizblog.de\/albpics\/bildzeitung.gif\" border=\"0\" width=\"117\" height=\"73\" \/><\/td>\n<\/tr>\n<tr>\n<td style=\"width: 100%\" colspan=\"2\"><font face=\"verdana, arial, sans-serif\" size=\"5\">Bild guckt WM mit Bohlen<\/font><\/td>\n<\/tr>\n<tr>\n<td style=\"width: 100%\">\n<p align=\"justify\"><font face=\"verdana, arial, sans-serif\" size=\"2\">Gestern klingelte das Telefon: &#8222;Hallo Horst, hier ist der Dieda. Was ich dich mal fragen wollte: Jetzt l\u00e4uft doch die WM und inner Bild stand schon lange nichts mehr \u00fcber mich. Irgendwie k\u00f6nntest du da doch mal was bringen, ich meine: ich und die Weltmeisterschaft! So wie ich am Fernseher h\u00e4nge und ganz gespannt das Geschehen verfolge, du wei\u00dft schon! Auch wenn ich kein Experte bin, Fu\u00dfball und so, aber eins wei\u00df ich doch, dass ich an die deutsche Mannschaft glaube. Die packt das schon &#8230;&#8220;<br \/>\n<\/font>\n<\/td>\n<td style=\"width: 100%\">\n<p align=\"center\">\n&#8230;\n<\/p>\n<\/td>\n<\/tr>\n<tr>\n<td style=\"width: 100%\" colspan=\"2\">\n<p align=\"justify\"><font face=\"verdana, arial, sans-serif\" size=\"2\">Um eines erst einmal klar zu stellen: ich bin nicht der Horst, der gute Dieter hatte sich wohl verw\u00e4hlt. Das versuchte ich ihm zu sagen, aber Dieter redete wie ein Wasserfall, z.B. dass ich unbedingt einen Fotografen mitbringen m\u00fcsste, der ihn im deutschen Trikot, dem roten nat\u00fcrlich, wei\u00df steht ihm nicht so, ablichten solle. Er h\u00e4tte zwar gern ein Trikot von Ghana, aber die h\u00e4tten ja auch nur wei\u00df, das w\u00fcrde kein Schwein vom deutschen unterscheiden. Und die Elfenbeink\u00fcste ist ja schon wieder im afrikanischem Busch verschwunden. Das Orangene w\u00e4re ja nicht \u00fcbel.<\/p>\n<p>Irgendwann legte ich dann auf. Dieter muss wohl gemerkt haben, dass er sich verw\u00e4hlt hat. Heute steht in der Bild-Zeitung ein dicker Artikel mit der \u00dcberschrift: <b><font color=\"#FF0000\"> Bild<\/font> guckt WM mit Bohlen!<\/b><\/font>\n<\/td>\n<\/tr>\n<\/table>\n","protected":false},"excerpt":{"rendered":"<p>Fu\u00dfball-Weltmeisterschaft 2006 Bild guckt WM mit Bohlen Gestern klingelte das Telefon: &#8222;Hallo Horst, hier ist der Dieda. Was ich dich mal fragen wollte: Jetzt l\u00e4uft doch die WM und inner Bild stand schon lange nichts mehr \u00fcber mich. Irgendwie k\u00f6nntest du da doch mal was bringen, ich meine: ich und die Weltmeisterschaft! So wie ich &hellip; <a href=\"https:\/\/willizblog.de\/?p=523\" class=\"more-link\"><span class=\"screen-reader-text\">Nachrichten auf Bildzeitungsniveau (4)<\/span> weiterlesen <span class=\"meta-nav\">&rarr;<\/span><\/a><\/p>\n","protected":false},"author":1,"featured_media":0,"comment_status":"closed","ping_status":"closed","sticky":false,"template":"","format":"standard","meta":[],"categories":[39,42],"tags":[],"_links":{"self":[{"href":"https:\/\/willizblog.de\/index.php?rest_route=\/wp\/v2\/posts\/523"}],"collection":[{"href":"https:\/\/willizblog.de\/index.php?rest_route=\/wp\/v2\/posts"}],"about":[{"href":"https:\/\/willizblog.de\/index.php?rest_route=\/wp\/v2\/types\/post"}],"author":[{"embeddable":true,"href":"https:\/\/willizblog.de\/index.php?rest_route=\/wp\/v2\/users\/1"}],"replies":[{"embeddable":true,"href":"https:\/\/willizblog.de\/index.php?rest_route=%2Fwp%2Fv2%2Fcomments&post=523"}],"version-history":[{"count":0,"href":"https:\/\/willizblog.de\/index.php?rest_route=\/wp\/v2\/posts\/523\/revisions"}],"wp:attachment":[{"href":"https:\/\/willizblog.de\/index.php?rest_route=%2Fwp%2Fv2%2Fmedia&parent=523"}],"wp:term":[{"taxonomy":"category","embeddable":true,"href":"https:\/\/willizblog.de\/index.php?rest_route=%2Fwp%2Fv2%2Fcategories&post=523"},{"taxonomy":"post_tag","embeddable":true,"href":"https:\/\/willizblog.de\/index.php?rest_route=%2Fwp%2Fv2%2Ftags&post=523"}],"curies":[{"name":"wp","href":"https:\/\/api.w.org\/{rel}","templated":true}]}}