{"id":5251,"date":"2011-12-08T10:02:29","date_gmt":"2011-12-08T09:02:29","guid":{"rendered":"http:\/\/www.willizblog.de\/?p=5251"},"modified":"2011-12-07T10:03:39","modified_gmt":"2011-12-07T09:03:39","slug":"vorweihnachtszeit-5-weihnachtliche-dekoration-teil-1","status":"publish","type":"post","link":"https:\/\/willizblog.de\/?p=5251","title":{"rendered":"Vorweihnachtszeit (5): Weihnachtliche Dekoration &#8211; Teil 1"},"content":{"rendered":"<p>Meine Frau h\u00e4lt sich streng an den Kalender. Wenn es dann aber soweit ist, dann verwandelt sich das Haus innerhalb k\u00fcrzester Zeit. Jetzt in der Vorweihnachtszeit hei\u00dft das: Weihnachtliche Dekoration schm\u00fcckt das Haus. Da sollte selbst bei Schmuddelwetter einwenig weihnachtliche Stimmung aufkommen \u2013 auch oder gerade trotz mancher beruflicher \u201aAnfechtungen\u2019. Die Tage des Jahres sind gez\u00e4hlt. Und in zwei Wochen kann und darf ich drei dicke Kreuze unter diesem Jahr machen und zus\u00e4tzlich zwei fette Striche ziehen, dann habe ich Urlaub. Mag nur <a href=\"https:\/\/de.wikipedia.org\/wiki\/Simon_Petrus#Petrus_in_Volksglauben_und_Brauchtum\" target=\"_blank\">Petrus<\/a> daf\u00fcr sorgen, dass das Wetter bis dahin besser sein wird: Es darf ruhig kalt sein und Schnee fallen \u2013 und dann die Sonne scheinen!<\/p>\n<table border=\"0\" cellpadding=\"0\" cellspacing=\"0\" width=\"100%\">\n<tr>\n<td width=\"100%\" colspan=\"2\" align=\"center\"><img loading=\"lazy\" border=\"0\" src=\"https:\/\/www.albinz.net\/models\/weihnachtsdeko11.jpg\" alt=\"Weihnachtsdekoration: 2 Weihnachtsm\u00e4nner\" width=\"283\" height=\"200\"><\/td>\n<\/tr>\n<tr>\n<td width=\"100%\" colspan=\"2\" align=\"center\"><font face=\"Lucida Grande, Lucida Sans Unicode, Verdana, sans-serif\" size=\"2\">2 Weihnachtsm\u00e4nner<\/font><\/td>\n<\/tr>\n<tr>\n<td width=\"50%\" align=\"center\"><img loading=\"lazy\" border=\"0\" src=\"https:\/\/www.albinz.net\/models\/weihnachtsdeko09.jpg\" alt=\"Weihnachtsdekoration: Adventskranz\" width=\"264\" height=\"200\"><\/td>\n<td width=\"50%\" align=\"center\"><img loading=\"lazy\" border=\"0\" src=\"https:\/\/www.albinz.net\/models\/weihnachtsdeko10.jpg\" alt=\"Weihnachtsdekoration: Holzfiguren\" width=\"239\" height=\"200\"><\/td>\n<\/tr>\n<tr>\n<td width=\"50%\" align=\"center\"><font face=\"Lucida Grande, Lucida Sans Unicode, Verdana, sans-serif\" size=\"2\">Adventskranz<\/font><\/td>\n<td width=\"50%\" align=\"center\"><font face=\"Lucida Grande, Lucida Sans Unicode, Verdana, sans-serif\" size=\"2\">Holzfiguren<\/font><\/td>\n<\/tr>\n<\/table>\n","protected":false},"excerpt":{"rendered":"<p>Meine Frau h\u00e4lt sich streng an den Kalender. Wenn es dann aber soweit ist, dann verwandelt sich das Haus innerhalb k\u00fcrzester Zeit. Jetzt in der Vorweihnachtszeit hei\u00dft das: Weihnachtliche Dekoration schm\u00fcckt das Haus. Da sollte selbst bei Schmuddelwetter einwenig weihnachtliche Stimmung aufkommen \u2013 auch oder gerade trotz mancher beruflicher \u201aAnfechtungen\u2019. Die Tage des Jahres sind &hellip; <a href=\"https:\/\/willizblog.de\/?p=5251\" class=\"more-link\"><span class=\"screen-reader-text\">Vorweihnachtszeit (5): Weihnachtliche Dekoration &#8211; Teil 1<\/span> weiterlesen <span class=\"meta-nav\">&rarr;<\/span><\/a><\/p>\n","protected":false},"author":1,"featured_media":0,"comment_status":"open","ping_status":"open","sticky":false,"template":"","format":"standard","meta":[],"categories":[33],"tags":[],"_links":{"self":[{"href":"https:\/\/willizblog.de\/index.php?rest_route=\/wp\/v2\/posts\/5251"}],"collection":[{"href":"https:\/\/willizblog.de\/index.php?rest_route=\/wp\/v2\/posts"}],"about":[{"href":"https:\/\/willizblog.de\/index.php?rest_route=\/wp\/v2\/types\/post"}],"author":[{"embeddable":true,"href":"https:\/\/willizblog.de\/index.php?rest_route=\/wp\/v2\/users\/1"}],"replies":[{"embeddable":true,"href":"https:\/\/willizblog.de\/index.php?rest_route=%2Fwp%2Fv2%2Fcomments&post=5251"}],"version-history":[{"count":0,"href":"https:\/\/willizblog.de\/index.php?rest_route=\/wp\/v2\/posts\/5251\/revisions"}],"wp:attachment":[{"href":"https:\/\/willizblog.de\/index.php?rest_route=%2Fwp%2Fv2%2Fmedia&parent=5251"}],"wp:term":[{"taxonomy":"category","embeddable":true,"href":"https:\/\/willizblog.de\/index.php?rest_route=%2Fwp%2Fv2%2Fcategories&post=5251"},{"taxonomy":"post_tag","embeddable":true,"href":"https:\/\/willizblog.de\/index.php?rest_route=%2Fwp%2Fv2%2Ftags&post=5251"}],"curies":[{"name":"wp","href":"https:\/\/api.w.org\/{rel}","templated":true}]}}