{"id":5255,"date":"2011-12-09T09:20:30","date_gmt":"2011-12-09T08:20:30","guid":{"rendered":"http:\/\/www.willizblog.de\/?p=5255"},"modified":"2011-12-08T10:21:37","modified_gmt":"2011-12-08T09:21:37","slug":"vorweihnachtszeit-6-weihnachtliche-dekoration-teil-2","status":"publish","type":"post","link":"https:\/\/willizblog.de\/?p=5255","title":{"rendered":"Vorweihnachtszeit (6): Weihnachtliche Dekoration &#8211; Teil 2"},"content":{"rendered":"<p>Meine Frau tut alles, um uns ein wenig in weihnachtliche Stimmung zu bringen. Dazu geh\u00f6rt nat\u00fcrlich eine entsprechende und allgegenw\u00e4rtige Dekoration in und am Haus, der man sich nicht v\u00f6llig entziehen kann. Wenn dann auch noch das Wetter etwas winterlicher wird (und ich bald freie Tage habe), dann k\u00f6nnte es vielleicht wirklich noch etwas mit Weihnachtsstimmung werden:<\/p>\n<table border=\"0\" cellpadding=\"0\" cellspacing=\"0\" width=\"100%\">\n<tr>\n<td width=\"50%\" align=\"center\"><img loading=\"lazy\" border=\"0\" src=\"https:\/\/www.albinz.net\/models\/weihnachtsdeko01.jpg\" alt=\"Weihnachtliche Dekoration: Briefkasten\" width=\"257\" height=\"200\"><\/td>\n<td width=\"50%\" align=\"center\"><img loading=\"lazy\" border=\"0\" src=\"https:\/\/www.albinz.net\/models\/weihnachtsdeko04.jpg\" alt=\"Weihnachtliche Dekoration: Gesteck mit Lichtern\" width=\"254\" height=\"200\"><\/td>\n<\/tr>\n<tr>\n<td width=\"50%\" align=\"center\"><font face=\"Lucida Grande, Lucida Sans Unicode, Verdana, sans-serif\" size=\"2\"> Briefkasten<\/font><\/td>\n<td width=\"50%\" align=\"center\"><font face=\"Lucida Grande, Lucida Sans Unicode, Verdana, sans-serif\" size=\"2\"> Gesteck mit Lichtern<\/font><\/td>\n<\/tr>\n<tr>\n<td width=\"50%\" align=\"center\"><img loading=\"lazy\" border=\"0\" src=\"https:\/\/www.albinz.net\/models\/weihnachtsdeko06.jpg\" alt=\"Weihnachtliche Dekoration: Viele Weihnachtsm\u00e4nner\" width=\"264\" height=\"200\"><\/td>\n<td width=\"50%\" align=\"center\"><img loading=\"lazy\" border=\"0\" src=\"https:\/\/www.albinz.net\/models\/weihnachtsdeko07.jpg\" alt=\"Weihnachtliche Dekoration: Kerze mit Weihnachtsmann\" width=\"250\" height=\"200\"><\/td>\n<\/tr>\n<tr>\n<td width=\"50%\" align=\"center\"><font face=\"Lucida Grande, Lucida Sans Unicode, Verdana, sans-serif\" size=\"2\"> Viele Weihnachtsm\u00e4nner<\/font><\/td>\n<td width=\"50%\" align=\"center\"><font face=\"Lucida Grande, Lucida Sans Unicode, Verdana, sans-serif\" size=\"2\"> Kerze mit Weihnachtsmann<\/font><\/td>\n<\/tr>\n<\/table>\n","protected":false},"excerpt":{"rendered":"<p>Meine Frau tut alles, um uns ein wenig in weihnachtliche Stimmung zu bringen. Dazu geh\u00f6rt nat\u00fcrlich eine entsprechende und allgegenw\u00e4rtige Dekoration in und am Haus, der man sich nicht v\u00f6llig entziehen kann. Wenn dann auch noch das Wetter etwas winterlicher wird (und ich bald freie Tage habe), dann k\u00f6nnte es vielleicht wirklich noch etwas mit &hellip; <a href=\"https:\/\/willizblog.de\/?p=5255\" class=\"more-link\"><span class=\"screen-reader-text\">Vorweihnachtszeit (6): Weihnachtliche Dekoration &#8211; Teil 2<\/span> weiterlesen <span class=\"meta-nav\">&rarr;<\/span><\/a><\/p>\n","protected":false},"author":1,"featured_media":0,"comment_status":"open","ping_status":"open","sticky":false,"template":"","format":"standard","meta":[],"categories":[33],"tags":[],"_links":{"self":[{"href":"https:\/\/willizblog.de\/index.php?rest_route=\/wp\/v2\/posts\/5255"}],"collection":[{"href":"https:\/\/willizblog.de\/index.php?rest_route=\/wp\/v2\/posts"}],"about":[{"href":"https:\/\/willizblog.de\/index.php?rest_route=\/wp\/v2\/types\/post"}],"author":[{"embeddable":true,"href":"https:\/\/willizblog.de\/index.php?rest_route=\/wp\/v2\/users\/1"}],"replies":[{"embeddable":true,"href":"https:\/\/willizblog.de\/index.php?rest_route=%2Fwp%2Fv2%2Fcomments&post=5255"}],"version-history":[{"count":0,"href":"https:\/\/willizblog.de\/index.php?rest_route=\/wp\/v2\/posts\/5255\/revisions"}],"wp:attachment":[{"href":"https:\/\/willizblog.de\/index.php?rest_route=%2Fwp%2Fv2%2Fmedia&parent=5255"}],"wp:term":[{"taxonomy":"category","embeddable":true,"href":"https:\/\/willizblog.de\/index.php?rest_route=%2Fwp%2Fv2%2Fcategories&post=5255"},{"taxonomy":"post_tag","embeddable":true,"href":"https:\/\/willizblog.de\/index.php?rest_route=%2Fwp%2Fv2%2Ftags&post=5255"}],"curies":[{"name":"wp","href":"https:\/\/api.w.org\/{rel}","templated":true}]}}