{"id":526,"date":"2006-06-26T05:54:52","date_gmt":"2006-06-26T03:54:52","guid":{"rendered":"http:\/\/www.albinz.de\/blog\/?p=526"},"modified":"2006-06-26T08:59:04","modified_gmt":"2006-06-26T06:59:04","slug":"du-bist-in-deutschland","status":"publish","type":"post","link":"https:\/\/willizblog.de\/?p=526","title":{"rendered":"Du bist (in) Deutschland"},"content":{"rendered":"<p>In Deutschland ist mit der Fu\u00dfball-WM der kollektive Patriotismus ausgebrochen. Experten (Psychologen, Politologen) sehen darin nur ein zeitweise auftretendes Ph\u00e4nomen. Wenn die Weltmeisterschaft erst einmal vor\u00fcber ist und der graue Alltag eingekehrt, dann wird sich diese Art von Fu\u00dfball-Chauvinismus wieder legen.<\/p>\n<p>Trotzdem schmeckt mir diese ganze nationale Begeisterung wenig, weil sie einfach \u00fcbertrieben wird. Man kann sich f\u00fcr Fu\u00dfball interessieren. Und wenn die deutsche Mannschaft ordentliche Spiele bietet, so ist das sicherlich Grund zur Freude. Aber muss daf\u00fcr jeder \u00f6ffentliche Raum eingenommen werden? Muss jede Gelegenheit genutzt werden, um eine Feier zu starten? \u00dcberall Alkoholleichen eingeh\u00fcllt in schwarz-rot-gold?<\/p>\n<p><img src=\"https:\/\/www.albinz.net\/images\/deutsche_flagge.jpg\" alt=\"Schwarz-Rot-Gold\" \/><\/p>\n<p>In unserer Nachbarschaft haben wir auch <a href=\"https:\/\/www.albinz.net\/kolumne.html#Uns\" target=\"_blank\">einige Spezies<\/a>, die an meterhohen Masten die Deutschland-Flagge gehisst haben. Eine Bekannte meiner Frau, die dort in der N\u00e4he wohnt, sagte: &#8222;Morgens, wenn ich aufstehe und aus dem Fenster gucke, da wei\u00df ich: Ich bin in Deutschland!&#8220;<\/p>\n","protected":false},"excerpt":{"rendered":"<p>In Deutschland ist mit der Fu\u00dfball-WM der kollektive Patriotismus ausgebrochen. Experten (Psychologen, Politologen) sehen darin nur ein zeitweise auftretendes Ph\u00e4nomen. Wenn die Weltmeisterschaft erst einmal vor\u00fcber ist und der graue Alltag eingekehrt, dann wird sich diese Art von Fu\u00dfball-Chauvinismus wieder legen. Trotzdem schmeckt mir diese ganze nationale Begeisterung wenig, weil sie einfach \u00fcbertrieben wird. Man &hellip; <a href=\"https:\/\/willizblog.de\/?p=526\" class=\"more-link\"><span class=\"screen-reader-text\">Du bist (in) Deutschland<\/span> weiterlesen <span class=\"meta-nav\">&rarr;<\/span><\/a><\/p>\n","protected":false},"author":1,"featured_media":0,"comment_status":"closed","ping_status":"closed","sticky":false,"template":"","format":"standard","meta":[],"categories":[39,2],"tags":[],"_links":{"self":[{"href":"https:\/\/willizblog.de\/index.php?rest_route=\/wp\/v2\/posts\/526"}],"collection":[{"href":"https:\/\/willizblog.de\/index.php?rest_route=\/wp\/v2\/posts"}],"about":[{"href":"https:\/\/willizblog.de\/index.php?rest_route=\/wp\/v2\/types\/post"}],"author":[{"embeddable":true,"href":"https:\/\/willizblog.de\/index.php?rest_route=\/wp\/v2\/users\/1"}],"replies":[{"embeddable":true,"href":"https:\/\/willizblog.de\/index.php?rest_route=%2Fwp%2Fv2%2Fcomments&post=526"}],"version-history":[{"count":0,"href":"https:\/\/willizblog.de\/index.php?rest_route=\/wp\/v2\/posts\/526\/revisions"}],"wp:attachment":[{"href":"https:\/\/willizblog.de\/index.php?rest_route=%2Fwp%2Fv2%2Fmedia&parent=526"}],"wp:term":[{"taxonomy":"category","embeddable":true,"href":"https:\/\/willizblog.de\/index.php?rest_route=%2Fwp%2Fv2%2Fcategories&post=526"},{"taxonomy":"post_tag","embeddable":true,"href":"https:\/\/willizblog.de\/index.php?rest_route=%2Fwp%2Fv2%2Ftags&post=526"}],"curies":[{"name":"wp","href":"https:\/\/api.w.org\/{rel}","templated":true}]}}