{"id":5263,"date":"2011-12-12T09:39:29","date_gmt":"2011-12-12T08:39:29","guid":{"rendered":"http:\/\/www.willizblog.de\/?p=5263"},"modified":"2011-12-12T07:40:08","modified_gmt":"2011-12-12T06:40:08","slug":"vorweihnachtszeit-7-weihnachtliche-dekoration-teil-3","status":"publish","type":"post","link":"https:\/\/willizblog.de\/?p=5263","title":{"rendered":"Vorweihnachtszeit (7): Weihnachtliche Dekoration &#8211; Teil 3"},"content":{"rendered":"<p>Hier noch weitere weihnachtliche Dekoration, die unser Haus schm\u00fcckt. Da kann das Weihnachtsfest endlich kommen. Wir freuen uns schon darauf. Hoffen wir nur noch, dass es auch ein wenig schneien wird:<\/p>\n<table border=\"0\" cellpadding=\"0\" cellspacing=\"0\" width=\"100%\">\n<tr>\n<td width=\"50%\" align=\"center\"><img loading=\"lazy\" border=\"0\" src=\"https:\/\/www.albinz.net\/models\/weihnachtsdeko02.jpg\" alt=\"Weihnachtliche Dekoration: Eingangst\u00fcr\" width=\"186\" height=\"260\"><\/td>\n<td width=\"50%\" align=\"center\"><img loading=\"lazy\" border=\"0\" src=\"https:\/\/www.albinz.net\/models\/weihnachtsdeko03.jpg\" alt=\"Weihnachtliche Dekoration: Fahrradschuppen\" width=\"229\" height=\"260\"><\/td>\n<\/tr>\n<tr>\n<td width=\"50%\" align=\"center\"><font face=\"Lucida Grande, Lucida Sans Unicode, Verdana, sans-serif\" size=\"2\">Eingangst\u00fcr<\/font><\/td>\n<td width=\"50%\" align=\"center\"><font face=\"Lucida Grande, Lucida Sans Unicode, Verdana, sans-serif\" size=\"2\">Fahrradschuppen<\/font><\/td>\n<\/tr>\n<tr>\n<td width=\"50%\" align=\"center\"><img loading=\"lazy\" border=\"0\" src=\"https:\/\/www.albinz.net\/models\/weihnachtsdeko05.jpg\" alt=\"Weihnachtliche Dekoration: Wohnzimmerfenster\" width=\"207\" height=\"260\"><\/td>\n<td width=\"50%\" align=\"center\"><img loading=\"lazy\" border=\"0\" src=\"https:\/\/www.albinz.net\/models\/weihnachtsdeko08.jpg\" alt=\"Weihnachtliche Dekoration: Eisb\u00e4ren\" width=\"195\" height=\"260\"><\/td>\n<\/tr>\n<tr>\n<td width=\"50%\" align=\"center\"><font face=\"Lucida Grande, Lucida Sans Unicode, Verdana, sans-serif\" size=\"2\">Wohnzimmerfenster<\/font><\/td>\n<td width=\"50%\" align=\"center\"><font face=\"Lucida Grande, Lucida Sans Unicode, Verdana, sans-serif\" size=\"2\">Eisb\u00e4ren (d\u00fcrfen bei AlbinZ nicht fehlen)<\/font><\/td>\n<\/tr>\n<\/table>\n","protected":false},"excerpt":{"rendered":"<p>Hier noch weitere weihnachtliche Dekoration, die unser Haus schm\u00fcckt. Da kann das Weihnachtsfest endlich kommen. Wir freuen uns schon darauf. Hoffen wir nur noch, dass es auch ein wenig schneien wird: Eingangst\u00fcr Fahrradschuppen Wohnzimmerfenster Eisb\u00e4ren (d\u00fcrfen bei AlbinZ nicht fehlen)<\/p>\n","protected":false},"author":1,"featured_media":0,"comment_status":"open","ping_status":"open","sticky":false,"template":"","format":"standard","meta":[],"categories":[33],"tags":[],"_links":{"self":[{"href":"https:\/\/willizblog.de\/index.php?rest_route=\/wp\/v2\/posts\/5263"}],"collection":[{"href":"https:\/\/willizblog.de\/index.php?rest_route=\/wp\/v2\/posts"}],"about":[{"href":"https:\/\/willizblog.de\/index.php?rest_route=\/wp\/v2\/types\/post"}],"author":[{"embeddable":true,"href":"https:\/\/willizblog.de\/index.php?rest_route=\/wp\/v2\/users\/1"}],"replies":[{"embeddable":true,"href":"https:\/\/willizblog.de\/index.php?rest_route=%2Fwp%2Fv2%2Fcomments&post=5263"}],"version-history":[{"count":0,"href":"https:\/\/willizblog.de\/index.php?rest_route=\/wp\/v2\/posts\/5263\/revisions"}],"wp:attachment":[{"href":"https:\/\/willizblog.de\/index.php?rest_route=%2Fwp%2Fv2%2Fmedia&parent=5263"}],"wp:term":[{"taxonomy":"category","embeddable":true,"href":"https:\/\/willizblog.de\/index.php?rest_route=%2Fwp%2Fv2%2Fcategories&post=5263"},{"taxonomy":"post_tag","embeddable":true,"href":"https:\/\/willizblog.de\/index.php?rest_route=%2Fwp%2Fv2%2Ftags&post=5263"}],"curies":[{"name":"wp","href":"https:\/\/api.w.org\/{rel}","templated":true}]}}