{"id":528,"date":"2006-06-28T05:22:17","date_gmt":"2006-06-28T03:22:17","guid":{"rendered":"http:\/\/www.albinz.de\/blog\/?p=528"},"modified":"2006-06-29T10:46:52","modified_gmt":"2006-06-29T08:46:52","slug":"argentinien-entgegen","status":"publish","type":"post","link":"https:\/\/willizblog.de\/?p=528","title":{"rendered":"Argentinien entgegen &#8230;"},"content":{"rendered":"<p>Zwei Tage ohne WM. Wie soll das erst nach der WM werden? Aber am Freitag Punkt 17 Uhr geht es dann ja weiter: Deutschland gegen Argentinien steht auf dem Programm. Und bei aller Euphorie wage ich dann doch dar\u00fcber nachzusinnen, wie das (f\u00fcrs deutsche Team) zu einem guten Ende f\u00fchren k\u00f6nnte.<\/p>\n<p>Auch wenn die Argentinier nach tollem Start zuletzt nicht gerade \u00fcberzeugen konnten, so halte ich sie doch f\u00fcr eine Mannschaft, die es den Deutschen schwer machen wird. Das f\u00e4ngt mit der Abwehr an, an die sich Klose und Podolski durchaus die Z\u00e4hne ausbei\u00dfen k\u00f6nnten. Ballack sollte vor allem seine Fernschu\u00df\u00fcbungen wie gegen Schweden einstellen und versuchen, sinnvolle P\u00e4sse nach vorn zu spielen, um so die kompakte Abwehr der S\u00fcdamerikaner zu knacken.<\/p>\n<p>Argentinien hat die Schwachstelle des deutschen Spiels l\u00e4ngst ausgemacht: Hinten rechts, d.h. Arne Friedrich, der zuletzt besser, aber noch nicht wirklich gut geworden ist. Und auch wenn die Flanken von Philipp Lahm vorn ben\u00f6tigt werden, so muss doch darauf geachtet werden, dass nicht auch noch hinten links L\u00fccken f\u00fcr die starken Angreifer entstehen.<\/p>\n<p>Nat\u00fcrlich haben auch die Argentinier eine Schwachstelle, die eigentlich ihre St\u00e4rke ist: den Regisseur Requelme, \u00fcber den die wesentlichem Abgriffe Argentiniens laufen. Kann man ihn halbwegs ausschalten, dann erh\u00f6hen sich entsprechend die Chancen auf einen deutschen Sieg. Aber wer soll gegen ihn antreten? Frings w\u00e4re denkbar, aber mit seiner unn\u00f6tigen gelben Karte f\u00fcr ein dummes Handspiel im Schwedenspiel l\u00e4uft er Gefahr, mit weiterem Gelb beim Erreichen des Halbfinales (gegen Italien?!) auf der Bank zu sitzen.<\/p>\n<p>Nun ich will hier nicht den Stammtisch-Experten spielen. Aber man macht sich halt so seine Gedanken. Am Ende kommt es sowieso ganz anders. Schnelle Tore sind bei dieser WM oft genug spielentscheidend gewesen. Das wei\u00df die deutsche Mannschaft am besten. Aber es gibt auch immer noch die Nachspielzeit, in der entscheidene Tore gefallen sind (auch das kennen Klinsmanns Mannen).<\/p>\n","protected":false},"excerpt":{"rendered":"<p>Zwei Tage ohne WM. Wie soll das erst nach der WM werden? Aber am Freitag Punkt 17 Uhr geht es dann ja weiter: Deutschland gegen Argentinien steht auf dem Programm. Und bei aller Euphorie wage ich dann doch dar\u00fcber nachzusinnen, wie das (f\u00fcrs deutsche Team) zu einem guten Ende f\u00fchren k\u00f6nnte. Auch wenn die Argentinier &hellip; <a href=\"https:\/\/willizblog.de\/?p=528\" class=\"more-link\"><span class=\"screen-reader-text\">Argentinien entgegen &#8230;<\/span> weiterlesen <span class=\"meta-nav\">&rarr;<\/span><\/a><\/p>\n","protected":false},"author":1,"featured_media":0,"comment_status":"closed","ping_status":"closed","sticky":false,"template":"","format":"standard","meta":[],"categories":[39],"tags":[],"_links":{"self":[{"href":"https:\/\/willizblog.de\/index.php?rest_route=\/wp\/v2\/posts\/528"}],"collection":[{"href":"https:\/\/willizblog.de\/index.php?rest_route=\/wp\/v2\/posts"}],"about":[{"href":"https:\/\/willizblog.de\/index.php?rest_route=\/wp\/v2\/types\/post"}],"author":[{"embeddable":true,"href":"https:\/\/willizblog.de\/index.php?rest_route=\/wp\/v2\/users\/1"}],"replies":[{"embeddable":true,"href":"https:\/\/willizblog.de\/index.php?rest_route=%2Fwp%2Fv2%2Fcomments&post=528"}],"version-history":[{"count":0,"href":"https:\/\/willizblog.de\/index.php?rest_route=\/wp\/v2\/posts\/528\/revisions"}],"wp:attachment":[{"href":"https:\/\/willizblog.de\/index.php?rest_route=%2Fwp%2Fv2%2Fmedia&parent=528"}],"wp:term":[{"taxonomy":"category","embeddable":true,"href":"https:\/\/willizblog.de\/index.php?rest_route=%2Fwp%2Fv2%2Fcategories&post=528"},{"taxonomy":"post_tag","embeddable":true,"href":"https:\/\/willizblog.de\/index.php?rest_route=%2Fwp%2Fv2%2Ftags&post=528"}],"curies":[{"name":"wp","href":"https:\/\/api.w.org\/{rel}","templated":true}]}}