{"id":5290,"date":"2011-12-16T09:18:09","date_gmt":"2011-12-16T08:18:09","guid":{"rendered":"http:\/\/www.willizblog.de\/?p=5290"},"modified":"2011-12-16T09:19:07","modified_gmt":"2011-12-16T08:19:07","slug":"max-und-moritz","status":"publish","type":"post","link":"https:\/\/willizblog.de\/?p=5290","title":{"rendered":"Max und Moritz"},"content":{"rendered":"<p>Eigentlich kommt mir die Politik in der Weihnachtszeit nicht so sehr zupass. Aber selbst ich bekomme Tr\u00e4nen in die Augen, wenn ich sehe, wie die <a href=\"https:\/\/www.willizblog.de\/index.php?s=fdp\" target=\"_blank\">FDP<\/a> in Selbstaufl\u00f6sung begriffen ist. Letztes Beispiel daf\u00fcr ist der R\u00fccktritt ihres Generalsekret\u00e4r Christian Lindner. Warum der eigentlich zur\u00fcckgetreten ist, wei\u00df wohl er selbst nicht. Aber FDP-Chef Philipp R\u00f6sler hat gleich Ersatz und pr\u00e4sentiert einen weiteren aus seiner Boygroup: Patrick D\u00f6ring. Ich kann mir nicht helfen. Aber wenn ich beide so nebeneinander sehe, erinnern mich D\u00f6ring und R\u00f6sler ganz schwer an <a href=\"https:\/\/de.wikipedia.org\/wiki\/Max_und_Moritz\" target=\"_blank\">Max und Moritz<\/a>, nicht nur \u00e4u\u00dferlich:<\/p>\n<p><a href=\"http:\/\/twitpic.com\/7tkk3t\" title=\"Irgendwie erinnern mich #R\u00f6sler  und #D\u00f6ring an Max &amp; Mor... on Twitpic\"><img loading=\"lazy\" src=\"http:\/\/twitpic.com\/show\/thumb\/7tkk3t.gif\" width=\"350\" height=\"170\" alt=\"Irgendwie erinnern mich #R\u00f6sler  und #D\u00f6ring an Max &amp; Mor... on Twitpic\"><\/a><\/p>\n<p>Wie hei\u00dft es doch bei Wilhelm Busch: <em>\u201eAber wehe, wehe, wehe! \/ Wenn ich auf das Ende sehe!\u201c<\/em> oder zuletzt: <em>\u201eGott sei Dank! Nun ist&#8217;s vorbei \/ Mit der \u00dcbelt\u00e4terei!\u201c<\/em><\/p>\n<p>Aber soweit sind wir ja noch nicht. Im Gegenteil. \u00c4hnlich der Protestaktion <a href=\"https:\/\/de.wikipedia.org\/wiki\/Occupy_Wall_Street\" target=\"_blank\">Occupy Wall Street<\/a> gibt es jetzt eine Initiative namens <a href=\"http:\/\/OccupyFDP.com\" target=\"_blank\">Occupy FDP<\/a>, die dazu aufruft, Mitglied der FDP zu werden: <em>\u201eWir zeigen der FDP, was freie M\u00e4rkte bedeuten: Wir \u00fcbernehmen die Mehrheit der FDP und stellen sie auf ein neues Fundament. Oder wir l\u00f6sen sie auf. <a href=\"http:\/\/jetzt.sueddeutsche.de\/texte\/anzeigen\/533274\" target=\"_blank\">#OccupyFDP<\/a>\u201c<\/em><\/p>\n<p>Dazu m\u00fcsste \u201eOccupy FDP\u201c allerdings 65.000 Mitb\u00fcrger zum Mitmachen bewegen (so viele Mitglieder hat die FDP im Augenblick), um eine \u201afreundliche\u2019 \u00dcbernahme zu erreichen. Die Idee finde ich stark und witzig. Aber ich f\u00fcrchte, sie wird nicht funktionieren. Leider.<\/p>\n<p>Daf\u00fcr bekommt der FDP aus anderer Richtung Gegenwind zu sp\u00fcren. Die FDP ist nicht mehr die einzigste Partei, die f\u00fcr B\u00fcrgerrechte einsteht (eingestanden hat, muss man korrekterweise sagen). Der Boden wird der FDP geradezu unter den F\u00fc\u00dfen weggezogen, die Piraten machen sich auf, eine FDP 2.0 zu werden.<\/p>\n<p>Nur die, so f\u00fcrchte ich, lavieren noch reichlich ziellos durch die Gegend. Sollte es gar sein, dass die Piraten von rechts unterwandert werden? Wie sonst ist es zu erkl\u00e4ren, dass ehemalige NPD-Mitglieder in die Partei finden. Jugends\u00fcnden hin, Jugends\u00fcnden her. Bestes Beispiel ist der Kreistag des Landkreises Harburg, zu dem auch mein Wohnort geh\u00f6rt. In diesen Kreistag wurde ein Herr Romann von den Piraten gew\u00e4hlt, der sich jetzt als Politclown outet und mit sehr <a href=\"http:\/\/www.twitlonger.com\/show\/emuj2o\" target=\"_blank\">widerspr\u00fcchlichen Aussagen<\/a> seine <a href=\"http:\/\/www.heide-piraten.de\/hpblog\/2011\/11\/24\/erklarung-des-kreisvorstands-zu-erich-romann\/\" target=\"_blank\">Parteifreunde in Entr\u00fcstung<\/a> versetzt. Seine angeblich &#8222;deutsch-nationale Einstellung&#8220; mag vielleicht gestellt sein. Aber sein Auftreten (mit einer Bierflasche in der Hand) wird nicht gerade das Ansehen der Piraten st\u00e4rken.<\/p>\n<p>Aber genug politisiert f\u00fcr dieses Jahr. Sehen wir, wie der Politzirkus im n\u00e4chsten Jahr weitergeht. Zu lachen (leider auch zu weinen) wird es reichlich geben.<\/p>\n","protected":false},"excerpt":{"rendered":"<p>Eigentlich kommt mir die Politik in der Weihnachtszeit nicht so sehr zupass. Aber selbst ich bekomme Tr\u00e4nen in die Augen, wenn ich sehe, wie die FDP in Selbstaufl\u00f6sung begriffen ist. Letztes Beispiel daf\u00fcr ist der R\u00fccktritt ihres Generalsekret\u00e4r Christian Lindner. Warum der eigentlich zur\u00fcckgetreten ist, wei\u00df wohl er selbst nicht. Aber FDP-Chef Philipp R\u00f6sler hat &hellip; <a href=\"https:\/\/willizblog.de\/?p=5290\" class=\"more-link\"><span class=\"screen-reader-text\">Max und Moritz<\/span> weiterlesen <span class=\"meta-nav\">&rarr;<\/span><\/a><\/p>\n","protected":false},"author":1,"featured_media":0,"comment_status":"open","ping_status":"open","sticky":false,"template":"","format":"standard","meta":[],"categories":[12],"tags":[],"_links":{"self":[{"href":"https:\/\/willizblog.de\/index.php?rest_route=\/wp\/v2\/posts\/5290"}],"collection":[{"href":"https:\/\/willizblog.de\/index.php?rest_route=\/wp\/v2\/posts"}],"about":[{"href":"https:\/\/willizblog.de\/index.php?rest_route=\/wp\/v2\/types\/post"}],"author":[{"embeddable":true,"href":"https:\/\/willizblog.de\/index.php?rest_route=\/wp\/v2\/users\/1"}],"replies":[{"embeddable":true,"href":"https:\/\/willizblog.de\/index.php?rest_route=%2Fwp%2Fv2%2Fcomments&post=5290"}],"version-history":[{"count":0,"href":"https:\/\/willizblog.de\/index.php?rest_route=\/wp\/v2\/posts\/5290\/revisions"}],"wp:attachment":[{"href":"https:\/\/willizblog.de\/index.php?rest_route=%2Fwp%2Fv2%2Fmedia&parent=5290"}],"wp:term":[{"taxonomy":"category","embeddable":true,"href":"https:\/\/willizblog.de\/index.php?rest_route=%2Fwp%2Fv2%2Fcategories&post=5290"},{"taxonomy":"post_tag","embeddable":true,"href":"https:\/\/willizblog.de\/index.php?rest_route=%2Fwp%2Fv2%2Ftags&post=5290"}],"curies":[{"name":"wp","href":"https:\/\/api.w.org\/{rel}","templated":true}]}}