{"id":53,"date":"2005-02-28T16:36:18","date_gmt":"2005-02-28T15:36:18","guid":{"rendered":"http:\/\/www.albinz.de\/blog\/?p=53"},"modified":"2005-10-20T11:39:00","modified_gmt":"2005-10-20T09:39:00","slug":"helgoland-wieder-danisch","status":"publish","type":"post","link":"https:\/\/willizblog.de\/?p=53","title":{"rendered":"Helgoland wieder d\u00e4nisch"},"content":{"rendered":"<p>Nachdem der SSW (S\u00fcdschleswigsche W\u00e4hlerverband) sich durch seine Unerh\u00f6rtlichkeit in &#8218;deutsche&#8216; Politik einzumischen gedenkt, geht auch die einzigste deutsche Hochseeinsel Helgoland wieder in d\u00e4nische Hand (wie bereits zwischen 1714 bis 1807) \u00fcber.<\/p>\n<p>So geht das nicht, meine D\u00e4nen! Gen\u00fcgt es nicht, dass f\u00fcr Euch die 5-%-Klausel au\u00dfer Kraft gesetzt wurde, m\u00fcsst Ihr auch noch die &#8218;deutschen&#8216; Geschicke mitbestimmen wollen?! Vielleicht sollen alle Kinder im hohen Norden Deutschlands jetzt auch noch d\u00e4nisch lernen, oder? Oder d\u00e4nisch wird gar zur zweiten Amtssprache in Schleswig-Holstein?<\/p>\n<p>Da w\u00fcnscht man sich glatt wieder Napoleonische Kriege und einen <a href=\"https:\/\/de.wikipedia.org\/wiki\/Frieden_von_Kiel\" target=\"_blank\">Frieden von Kiel<\/a> wie anno 1814 her.<\/p>\n<p>Nein, lieber SSW. Ihr habt mit Euren zwei Landtagssitzen mehr als genug. Ansonsten hei\u00dft es Schweigen, wenn auch auf d\u00e4nisch (oder nordfriesisch). So oder \u00e4hnlich denkt es sich auf jeden Fall Frau Merkel (und der etwas zu fr\u00fch siegessichere <a href=\"http:\/\/www.peter-harry.de\/\" target=\"_blank\">Herr Carstensen<\/a>). Das  Wahlvolk hat sich eben f\u00fcr einen Regierungswechsel und damit f\u00fcr schwarz\/gelb entschieden (wenn man die  Fremdstimmen, die d\u00e4nischen und friesischen, nicht mitz\u00e4hlt). Und damit basta!<\/p>\n<p>\u00dcbrigens geh\u00f6rt Helgoland zum Landkreis Pinneberg. Und der liegt, wer es wei\u00df, in Schleswig-Holstein.<\/p>\n","protected":false},"excerpt":{"rendered":"<p>Nachdem der SSW (S\u00fcdschleswigsche W\u00e4hlerverband) sich durch seine Unerh\u00f6rtlichkeit in &#8218;deutsche&#8216; Politik einzumischen gedenkt, geht auch die einzigste deutsche Hochseeinsel Helgoland wieder in d\u00e4nische Hand (wie bereits zwischen 1714 bis 1807) \u00fcber. So geht das nicht, meine D\u00e4nen! Gen\u00fcgt es nicht, dass f\u00fcr Euch die 5-%-Klausel au\u00dfer Kraft gesetzt wurde, m\u00fcsst Ihr auch noch die &hellip; <a href=\"https:\/\/willizblog.de\/?p=53\" class=\"more-link\"><span class=\"screen-reader-text\">Helgoland wieder d\u00e4nisch<\/span> weiterlesen <span class=\"meta-nav\">&rarr;<\/span><\/a><\/p>\n","protected":false},"author":1,"featured_media":0,"comment_status":"closed","ping_status":"closed","sticky":false,"template":"","format":"standard","meta":[],"categories":[7,12],"tags":[],"_links":{"self":[{"href":"https:\/\/willizblog.de\/index.php?rest_route=\/wp\/v2\/posts\/53"}],"collection":[{"href":"https:\/\/willizblog.de\/index.php?rest_route=\/wp\/v2\/posts"}],"about":[{"href":"https:\/\/willizblog.de\/index.php?rest_route=\/wp\/v2\/types\/post"}],"author":[{"embeddable":true,"href":"https:\/\/willizblog.de\/index.php?rest_route=\/wp\/v2\/users\/1"}],"replies":[{"embeddable":true,"href":"https:\/\/willizblog.de\/index.php?rest_route=%2Fwp%2Fv2%2Fcomments&post=53"}],"version-history":[{"count":0,"href":"https:\/\/willizblog.de\/index.php?rest_route=\/wp\/v2\/posts\/53\/revisions"}],"wp:attachment":[{"href":"https:\/\/willizblog.de\/index.php?rest_route=%2Fwp%2Fv2%2Fmedia&parent=53"}],"wp:term":[{"taxonomy":"category","embeddable":true,"href":"https:\/\/willizblog.de\/index.php?rest_route=%2Fwp%2Fv2%2Fcategories&post=53"},{"taxonomy":"post_tag","embeddable":true,"href":"https:\/\/willizblog.de\/index.php?rest_route=%2Fwp%2Fv2%2Ftags&post=53"}],"curies":[{"name":"wp","href":"https:\/\/api.w.org\/{rel}","templated":true}]}}