{"id":5300,"date":"2011-12-19T09:23:17","date_gmt":"2011-12-19T08:23:17","guid":{"rendered":"http:\/\/www.willizblog.de\/?p=5300"},"modified":"2011-12-19T09:23:57","modified_gmt":"2011-12-19T08:23:57","slug":"herr-wulff-und-sein-kredit-yes-he-can-%e2%80%a6","status":"publish","type":"post","link":"https:\/\/willizblog.de\/?p=5300","title":{"rendered":"Herr Wulff und sein Kredit: Yes, he can \u2026"},"content":{"rendered":"<p><em>\u201eMan muss selber wissen, was man macht und das muss man verantworten. Und das kann ich.\u201c<\/em>  (Quelle: <a href=\"http:\/\/www.heute.de\/ZDFheute\/inhalt\/16\/0,3672,8423472,00.html\" target=\"_blank\">zdf.de<\/a>) <em>Yes, he can<\/em> &#8230; Ist das nicht toll? Sch\u00f6n, Herr Wulff, dass Sie den Nagel auf den Kopf getroffen haben. Nur: solche Allgemeinpl\u00e4tze kennt jedes Kind. Aber Sie k\u00f6nnen es noch besser:  Das Wesentliche in seinem Amt sei, <em>\u201edass man die Dinge bewertet, beurteilt und dann dazu steht und dann auch unterscheidet, wo ist etwas real und wo ist etwas mit sehr viel Staub aufwirbeln verbunden.\u201c<\/em> (Quelle: <a href=\"http:\/\/www.heute.de\/ZDFheute\/inhalt\/11\/0,3672,8423787,00.html\" target=\"_blank\">zdf.de<\/a>) <\/p>\n<p>Jetzt wissen wir endlich, warum Frau Merkel Sie als Bundespr\u00e4sidenten haben wollte. Keiner dr\u00fcckt so pr\u00e4zise und doch allgemeinverst\u00e4ndlich das aus, was jeder Mensch  von Haus aus wei\u00df. Sie bewerten und beurteilen also die Dinge. Warum lassen Sie uns aber nicht teilhaben an Ihren Beurteilungen? Finanz- und Eurokrise, man k\u00f6nnte den Eindruck haben, dass das Ihnen \u201aam Arsch\u2019 vorbeigeht. Sie schweigen lieber. Da kann man nichts Falsches sagen.<\/p>\n<p>Sch\u00f6n, dass Sie jetzt Ihre Urlaubslisten ver\u00f6ffentlicht lie\u00dfen. Gratisurlaub also \u201abei Freunden\u2019. Wen interessiert das, Herr Wulff? Das Sie es bestens verstehen, sich erfolgreich durchs Leben zu schnorren, wissen wir nun.<\/p>\n<p>Es ist nicht dieses Skand\u00e4lchen um einen Kredit, der mich erregt, obwohl ich es von Herrn Wulff instinktlos finde, wie er sich mit dem Kredit einer zwar rechtlich nicht anfechtbaren, moralisch jedoch \u00e4u\u00dferst bedenklichen Vorteilsnahme bedient hat. Sie selbst sind der Skandal, Herr Wulff. Will man Ihnen ans Leder, so pl\u00e4rren sie laut heraus. Ansonsten schweigen Sie meist. Ihr Einfluss auf die allt\u00e4gliche Politik sollte darin bestehen, sich zu den gro\u00dfen Themen zu \u00e4u\u00dfern, kluge Gedanken von sich zu geben. Wenn Frau Merkel meint, die Europ\u00e4ische Union sei nur dazu da, verschuldete Staaten zu retten, dann w\u00e4re es Ihre Aufgabe, die wichtigeren Fragen zu stellen: Was ist die Strategie Europas? Was ist die Rolle Europas in der Welt?<\/p>\n<p>In seiner verschnupft klingenden Art fehlt Herrn Wulff aber jeglicher Weitblick. Bundespr\u00e4sidenten gl\u00e4nzten bisher nie durch besonderes Charisma. Aber so farblos wie Herr Wulff war bisher keiner. Bundespr\u00e4sidenten sollten eine moralische Instanz darstellen. Herr Wulff ist nur ein armes, niveauloses W\u00fcrstchen.<\/p>\n","protected":false},"excerpt":{"rendered":"<p>\u201eMan muss selber wissen, was man macht und das muss man verantworten. Und das kann ich.\u201c (Quelle: zdf.de) Yes, he can &#8230; Ist das nicht toll? Sch\u00f6n, Herr Wulff, dass Sie den Nagel auf den Kopf getroffen haben. Nur: solche Allgemeinpl\u00e4tze kennt jedes Kind. Aber Sie k\u00f6nnen es noch besser: Das Wesentliche in seinem Amt &hellip; <a href=\"https:\/\/willizblog.de\/?p=5300\" class=\"more-link\"><span class=\"screen-reader-text\">Herr Wulff und sein Kredit: Yes, he can \u2026<\/span> weiterlesen <span class=\"meta-nav\">&rarr;<\/span><\/a><\/p>\n","protected":false},"author":1,"featured_media":0,"comment_status":"open","ping_status":"open","sticky":false,"template":"","format":"standard","meta":[],"categories":[12],"tags":[],"_links":{"self":[{"href":"https:\/\/willizblog.de\/index.php?rest_route=\/wp\/v2\/posts\/5300"}],"collection":[{"href":"https:\/\/willizblog.de\/index.php?rest_route=\/wp\/v2\/posts"}],"about":[{"href":"https:\/\/willizblog.de\/index.php?rest_route=\/wp\/v2\/types\/post"}],"author":[{"embeddable":true,"href":"https:\/\/willizblog.de\/index.php?rest_route=\/wp\/v2\/users\/1"}],"replies":[{"embeddable":true,"href":"https:\/\/willizblog.de\/index.php?rest_route=%2Fwp%2Fv2%2Fcomments&post=5300"}],"version-history":[{"count":0,"href":"https:\/\/willizblog.de\/index.php?rest_route=\/wp\/v2\/posts\/5300\/revisions"}],"wp:attachment":[{"href":"https:\/\/willizblog.de\/index.php?rest_route=%2Fwp%2Fv2%2Fmedia&parent=5300"}],"wp:term":[{"taxonomy":"category","embeddable":true,"href":"https:\/\/willizblog.de\/index.php?rest_route=%2Fwp%2Fv2%2Fcategories&post=5300"},{"taxonomy":"post_tag","embeddable":true,"href":"https:\/\/willizblog.de\/index.php?rest_route=%2Fwp%2Fv2%2Ftags&post=5300"}],"curies":[{"name":"wp","href":"https:\/\/api.w.org\/{rel}","templated":true}]}}