{"id":5304,"date":"2011-12-20T10:21:35","date_gmt":"2011-12-20T09:21:35","guid":{"rendered":"http:\/\/www.willizblog.de\/?p=5304"},"modified":"2011-12-20T10:24:55","modified_gmt":"2011-12-20T09:24:55","slug":"saisonhalbzeit","status":"publish","type":"post","link":"https:\/\/willizblog.de\/?p=5304","title":{"rendered":"Saisonhalbzeit"},"content":{"rendered":"<p>Winterpause in der Fu\u00dfballbundesliga. Halbzeit in der Saison. Die Bayern f\u00fchren erwartungsgem\u00e4\u00df, zeigen aber immer wieder Schw\u00e4chen. Und Werder Bremen ist auf Platz f\u00fcnf. Immerhin.<\/p>\n<p>Diesen f\u00fcnften Platz haben die Bremer aber weniger einer konstant guten Leistung zu verdanken. Weil die nachfolgenden Mannschaften auch immer wieder Spiele ins Wasser setzen, konnte sich Werder oben halten. Daf\u00fcr sind die Pl\u00e4tze eins bis vier, die f\u00fcr eine Teilnahme an der Champions League in der n\u00e4chsten Saison berechtigen, allerdings auch schon in ziemlich weite Ferne ger\u00fcckt.<\/p>\n<p>Einzig zu Hause konnte der SV Werder bisher \u00fcberzeugen. In der Fremde gab es zuletzt eine Klatsche nach der anderen. Man k\u00f6nnte meinen, jeweils zwei v\u00f6llig verschiedene Mannschaften auflaufen zu sehen. So ganz stimmt das aber auch nicht. Manches Spiel auf eigenem Platz wurde mit einigem Gl\u00fcck gewonnen.<\/p>\n<p>Was ist los? Das fragen sich Trainer Thomas Schaaf und Werder-Chef Klaus Allofs sowie (hoffentlich) der eine oder andere Spieler sicherlich auch. Die kollektive Verweigerung in den Ausw\u00e4rtsspielen ist kaum zu erkl\u00e4ren. Und wie das im n\u00e4chsten Jahr weitergehen soll, wei\u00df kein Mensch. Die Fans sind inzwischen stinke-sauer.<\/p>\n<p>Inzwischen sind Schaaf und Allofs \u00fcber zw\u00f6lfeinhalb Jahre in ihren \u00c4mtern. Ohne Zweifel haben beide vieles dazu beigetragen, dass die Mannschaft in diesen Jahren (klammern wir einmal die letzte Saison aus) vorn mitgespielt hat. Aber die Zeichen stehen auf Sturm, der Daumen zeigt nach unten. Der jetzige f\u00fcnfte Platz kann gewaltig t\u00e4uschen. So darf und muss gefragt werden, ob das Duo Schaaf\/Allofs wirklich noch das Richtige ist. Beide haben nach einigen Querelen erst jetzt ihre Vertr\u00e4ge verl\u00e4ngert. Auch ihr Marktwert ist l\u00e4ngst im Keller. Die Fragen lauten: Erreicht Thomas Schaaf die Mannschaft \u00fcberhaupt noch? Und muss man Klaus Allofs nicht eine Menge Fehleink\u00e4ufe vorwerfen?<\/p>\n<p>Einer die wichtigsten Leistungstr\u00e4ger ist Claudio Pizarro. Dieser kokettiert verst\u00e4ndlicherweise mit einem Vereinswechsel. Denn in der n\u00e4chsten Saison will er auf jeden Fall international spielen. Und ob Werder es in eine der europ\u00e4ischen Wettbewerbe schafft, ist eben sehr fraglich. Wenn nicht, dann ist Pizarro weg. Da frage ich mich, ob es nicht besser ist, ihn jetzt zur Winterpause bereits abzugeben. Dann bek\u00e4me man f\u00fcr ihn noch eine nicht unerheblich hohe Abl\u00f6sesumme. Im Sommer gibt\u2019s nur Pustekuchen. Und der J\u00fcngste ist Pizarro auch nicht mehr (au\u00dferdem waren seine Leistungen in Ausw\u00e4rtsspielen auch nicht die besten).<\/p>\n<p>Ohne Zweifel hat die Mannschaft einiges Potential, dass sie allerh\u00f6chstens in Heimspielen abruft. Da gibt es jede Menge Tatente, auch solche, die langsam \u00e4lter geworden sind und sich unter Schaaf nicht wesentlich weiterentwickelt haben. Marin ist das Beispiel schlechthin. Er ist zwar ein begnadeter Trippler, verheddert sich aber immer wieder \u2013 und ist so eher kontraproduktiv. Bei allem Wohlwollen, aber auch Arnautovic ist f\u00fcr mich eine Pleite. Der Mann hat es zwar in den Schenkeln, nicht aber im Kopf. Manchmal braucht es aber auch an Verstand. Was ist mit Wesley oder mit Denni Avdic? Kaum gespielt und dauerverletzt. Und Mehmet Ekici ist auch noch sehr weit davon entfernt, den in ihn gesetzten Erwartungen zu entsprechen.<\/p>\n<p>Schaaf und Allofs hat Werder erst einmal weiterhin an den Hacken. Neue Spieler wird es nicht geben. Wie soll es also weitergehen? Woher will man den frischen Wind nehmen, der jetzt notwendig ist, um wenigstens ansatzweise an alte Spielweisen anzukn\u00fcpfen? Vielleicht ein kleiner Tipp an Mannschaft und Betreuer: Haut vor einem Spiel nicht immer so auf die Pauke. Vor dem Spiel auf Schalke hatte ich den Eindruck, dass man sich nur \u00fcber die H\u00f6he des Sieges nicht einig war. Das es dann eine 0:5-Klatsche wurden sollte, hatte keiner auf dem Zettel. Backt kleinere Br\u00f6tchen, daf\u00fcr aber wohlschmeckende &#8230;!<\/p>\n","protected":false},"excerpt":{"rendered":"<p>Winterpause in der Fu\u00dfballbundesliga. Halbzeit in der Saison. Die Bayern f\u00fchren erwartungsgem\u00e4\u00df, zeigen aber immer wieder Schw\u00e4chen. Und Werder Bremen ist auf Platz f\u00fcnf. Immerhin. Diesen f\u00fcnften Platz haben die Bremer aber weniger einer konstant guten Leistung zu verdanken. Weil die nachfolgenden Mannschaften auch immer wieder Spiele ins Wasser setzen, konnte sich Werder oben halten. &hellip; <a href=\"https:\/\/willizblog.de\/?p=5304\" class=\"more-link\"><span class=\"screen-reader-text\">Saisonhalbzeit<\/span> weiterlesen <span class=\"meta-nav\">&rarr;<\/span><\/a><\/p>\n","protected":false},"author":1,"featured_media":0,"comment_status":"open","ping_status":"open","sticky":false,"template":"","format":"standard","meta":[],"categories":[27],"tags":[],"_links":{"self":[{"href":"https:\/\/willizblog.de\/index.php?rest_route=\/wp\/v2\/posts\/5304"}],"collection":[{"href":"https:\/\/willizblog.de\/index.php?rest_route=\/wp\/v2\/posts"}],"about":[{"href":"https:\/\/willizblog.de\/index.php?rest_route=\/wp\/v2\/types\/post"}],"author":[{"embeddable":true,"href":"https:\/\/willizblog.de\/index.php?rest_route=\/wp\/v2\/users\/1"}],"replies":[{"embeddable":true,"href":"https:\/\/willizblog.de\/index.php?rest_route=%2Fwp%2Fv2%2Fcomments&post=5304"}],"version-history":[{"count":0,"href":"https:\/\/willizblog.de\/index.php?rest_route=\/wp\/v2\/posts\/5304\/revisions"}],"wp:attachment":[{"href":"https:\/\/willizblog.de\/index.php?rest_route=%2Fwp%2Fv2%2Fmedia&parent=5304"}],"wp:term":[{"taxonomy":"category","embeddable":true,"href":"https:\/\/willizblog.de\/index.php?rest_route=%2Fwp%2Fv2%2Fcategories&post=5304"},{"taxonomy":"post_tag","embeddable":true,"href":"https:\/\/willizblog.de\/index.php?rest_route=%2Fwp%2Fv2%2Ftags&post=5304"}],"curies":[{"name":"wp","href":"https:\/\/api.w.org\/{rel}","templated":true}]}}