{"id":5348,"date":"2011-12-30T13:36:23","date_gmt":"2011-12-30T12:36:23","guid":{"rendered":"http:\/\/www.willizblog.de\/?p=5348"},"modified":"2012-01-18T12:27:27","modified_gmt":"2012-01-18T11:27:27","slug":"zwischen-den-jahren-2011-auf-2012","status":"publish","type":"post","link":"https:\/\/willizblog.de\/?p=5348","title":{"rendered":"Zwischen den Jahren 2011 auf 2012"},"content":{"rendered":"<p>Die Zeit zwischen Weihnachten und Neujahr nennt man die Zeit <a href=\"https:\/\/www.willizblog.de\/?p=2508\" target=\"_blank\">\u201ezwischen den Jahren\u201c<\/a> (die N\u00e4chte, die l\u00e4ngsten des Jahres, nennt man <a href=\"https:\/\/www.willizblog.de\/?p=2482\" target=\"_blank\">Raun\u00e4chte<\/a>). Noch satt von der Weihnachtsgans ist es eine geruhsame Zeit, die uns gern auf das zu Ende gehende Jahr zur\u00fcckblicken l\u00e4sst.<\/p>\n<p>2011 war kein gutes Jahr f\u00fcr Diktatoren. Besonders der <a href=\"https:\/\/de.wikipedia.org\/wiki\/Arabischer_Fr%C3%BChling\" target=\"_blank\">arabische Fr\u00fchling<\/a> hat einige Despoten hinweggewischt. Und auch der nordkoreanische Staatschef ist nach einem &#8222;gro\u00dfen mentalen und physischen Leiden dahingeschieden&#8220;. Dem wird bei uns keine Tr\u00e4ne nachgeweint werden. Osama bin Laden, obwohl l\u00e4ngst bedeutungslos, gef\u00e4hrlich eigentlich nur noch als Galionsfigur des weltweiten Terrorismus, ist von den Amerikanern im kurzen Prozess liquidiert worden.<\/p>\n<p><img src=\"https:\/\/www.willizblog.de\/blogpicts\/zwischen_den_jahren_2011.jpg\" alt=\"Zwischen den Jahren\" title=\"Zwischen den Jahren\" \/><\/p>\n<p>Traurig machte mich dagegen der Tod des fr\u00fchere tschechische Pr\u00e4sidenten, Schriftsteller und Dissidenten <a href=\"https:\/\/de.wikipedia.org\/wiki\/V%C3%A1clav_Havel\" target=\"_blank\">Vaclav Havel<\/a>, der vor kurzem im Alter von 75 Jahren verstarb. Havel galt als Schl\u00fcsselfigur der Demokratie-Bewegung in der Tschechoslowakei in den 80er-Jahren.<\/p>\n<p>Kein gutes Jahr auch f\u00fcr Politiker der Koalition: Drecks-, sorry Dr.-Ex-Guttenberg weint immer noch seiner verlustig gegangenen Promovierung nach. Das war aber auch einfach zu durchsichtig, Herr Guttenberg! Da er nichts Richtiges gelernt hat, schraubt er bereits an seinem Comeback. Er sei ein \u201esehr, sehr f\u00e4higer Politiker\u201c, meint CSU-Chef Seehofer in einem Interview. Es fragt sich nur, welche F\u00e4higkeiten ein Politiker braucht. Nicht viele wie die Beispiele der FDP-Fritzies, Westerwelle und R\u00f6sler, aufzeigen. Ja und da ist noch ein Bundespr\u00e4sident, der im n\u00e4chsten Jahr wohl seinen Urlaub auf Balkonien verbringen wird.<\/p>\n<p>Und dann war da noch <a href=\"https:\/\/de.wikipedia.org\/wiki\/Nuklearkatastrophe_von_Fukushima\" target=\"_blank\">Fukushima<\/a>, ein neues Synonym f\u00fcr die Unbeherrschbarkeit nuklearer Energiegewinnung. So ganz mag ich es immer noch nicht glauben, dass Madame Merkel und Konsorten von der Atomkraft abger\u00fcckt sind. Welches Hintert\u00fcrchen halten die sich und die Atomindustrie noch offen?<\/p>\n<p>Ein Jahr geht zu Ende, ein neues Jahr steht vor der T\u00fcr. Ob es besser sein wird, steht in den Sternen. Wichtig ist, dass wir auch das neue Jahr gesund \u00fcberstehen. Daher w\u00fcnsche ich Euch allen viel Gesundheit f\u00fcr 2012. Alles andere wird sich schon von selbst regulieren.<\/p>\n","protected":false},"excerpt":{"rendered":"<p>Die Zeit zwischen Weihnachten und Neujahr nennt man die Zeit \u201ezwischen den Jahren\u201c (die N\u00e4chte, die l\u00e4ngsten des Jahres, nennt man Raun\u00e4chte). Noch satt von der Weihnachtsgans ist es eine geruhsame Zeit, die uns gern auf das zu Ende gehende Jahr zur\u00fcckblicken l\u00e4sst. 2011 war kein gutes Jahr f\u00fcr Diktatoren. Besonders der arabische Fr\u00fchling hat &hellip; <a href=\"https:\/\/willizblog.de\/?p=5348\" class=\"more-link\"><span class=\"screen-reader-text\">Zwischen den Jahren 2011 auf 2012<\/span> weiterlesen <span class=\"meta-nav\">&rarr;<\/span><\/a><\/p>\n","protected":false},"author":1,"featured_media":0,"comment_status":"open","ping_status":"open","sticky":false,"template":"","format":"standard","meta":[],"categories":[32,12],"tags":[],"_links":{"self":[{"href":"https:\/\/willizblog.de\/index.php?rest_route=\/wp\/v2\/posts\/5348"}],"collection":[{"href":"https:\/\/willizblog.de\/index.php?rest_route=\/wp\/v2\/posts"}],"about":[{"href":"https:\/\/willizblog.de\/index.php?rest_route=\/wp\/v2\/types\/post"}],"author":[{"embeddable":true,"href":"https:\/\/willizblog.de\/index.php?rest_route=\/wp\/v2\/users\/1"}],"replies":[{"embeddable":true,"href":"https:\/\/willizblog.de\/index.php?rest_route=%2Fwp%2Fv2%2Fcomments&post=5348"}],"version-history":[{"count":0,"href":"https:\/\/willizblog.de\/index.php?rest_route=\/wp\/v2\/posts\/5348\/revisions"}],"wp:attachment":[{"href":"https:\/\/willizblog.de\/index.php?rest_route=%2Fwp%2Fv2%2Fmedia&parent=5348"}],"wp:term":[{"taxonomy":"category","embeddable":true,"href":"https:\/\/willizblog.de\/index.php?rest_route=%2Fwp%2Fv2%2Fcategories&post=5348"},{"taxonomy":"post_tag","embeddable":true,"href":"https:\/\/willizblog.de\/index.php?rest_route=%2Fwp%2Fv2%2Ftags&post=5348"}],"curies":[{"name":"wp","href":"https:\/\/api.w.org\/{rel}","templated":true}]}}