{"id":5391,"date":"2012-01-11T09:23:34","date_gmt":"2012-01-11T08:23:34","guid":{"rendered":"http:\/\/www.willizblog.de\/?p=5391"},"modified":"2012-01-10T11:25:11","modified_gmt":"2012-01-10T10:25:11","slug":"zerfallserscheinungen","status":"publish","type":"post","link":"https:\/\/willizblog.de\/?p=5391","title":{"rendered":"Zerfallserscheinungen"},"content":{"rendered":"<p>Nein, Manager Klaus Allofs und Trainer Thomas Schaaf haben es nicht leicht beim Fu\u00dfballbundesligisten SV Werder Bremen. Thront das Schiff gewisserma\u00dfen hoch \u00fcber den Wellen, dann freut sich jeder, an Bord sein zu d\u00fcrfen. Droht das Schiff aber zu sinken, dann m\u00f6chte jeder der erste sein, der das Schiff verl\u00e4sst.<\/p>\n<p>Noch schwimmt das Werder-Schiff, wenn auch schon manche Woge \u00fcber die Reling Wasser bis ins Innere sp\u00fclt. Erste \u00c4ngstlichkeiten machen sich breit. Die Mannschaft sucht nach den besten Pl\u00e4tzen f\u00fcr einen rechtzeitigen Absprung: Zerfallserscheinungen?<\/p>\n<p><img src=\"https:\/\/www.willizblog.de\/blogpicts\/werder_sinking_ship.jpg\" alt=\"Werder Bremen: ein sinkenes Schiff?\" title=\"Werder Bremen: ein sinkenes Schiff?\" \/><\/p>\n<p>Mertesacker hat Werder bereits verlassen, um sich \u201aweiterzuentwickeln\u2019. Bei Arsenal London darf er schon in dieser Saison noch Champions League-Luft schnuppern. Pizarro droht, Bremen sp\u00e4testens zum Ende der Saison zu verlassen, wenn Werder die folgende Saison nicht international vertreten sein sollte (die Champions League sollte es m\u00f6glichst sein). Und Mertesackers langj\u00e4hriger Partner in der Innenverteidigung, Naldo, sehnt sich zur\u00fcck in seine Heimat Brasilien. Immerhin findet dort in zwei Jahren die Weltmeisterschaft statt. Und er m\u00f6chte zur\u00fcck in die Nationalmannschaft. Selbst Marko Marin, dessen Weiterentwicklung bei Werder \u201aauf dem Trockenem\u2019 liegt (um beim maritimen Sprachgebrauch zu bleiben), k\u00f6nnte\/sollte\/d\u00fcrfte den Weg zur\u00fcck zur Borussia in M\u00f6nchengladbach antreten, wenn dort kein Ersatz f\u00fcr den im Sommer zu Dortmund wechselnden Marco Reus \u201aan Land\u2019 gezogen wird.<\/p>\n<p>Naldo hat sich von Allofs erst einmal bequatschen lassen und denkt jetzt sogar \u00fcber eine Vertragsverl\u00e4ngerung nach. Marin? Das wird sich zeigen. Was sonst noch so in den K\u00f6pfen der anderen Spieler herumspukt, man kann es nur erahnen, aber nicht wissen.<\/p>\n<p>Der Dreh- und Angelpunkt ist das Erreichen eines internationalen Wettbewerbs in der n\u00e4chsten Saison. Dazu muss dann aber mindestens der 6. Tabellenplatz am Ende herausspringen. Ansonsten wird mancher Spieler das Schiff Werder wie die Ratten verlassen. Zerfallserscheinungen? Dann mit Sicherheit!<\/p>\n<p>Am Samstag, den 21. Januar geht\u2019s weiter beim Start der R\u00fcckrunde um 18 Uhr 30 im Spiel beim 1.FC K&#8217;lautern. Dann hei\u00dft es wieder: Ran an die Riemen!<\/p>\n","protected":false},"excerpt":{"rendered":"<p>Nein, Manager Klaus Allofs und Trainer Thomas Schaaf haben es nicht leicht beim Fu\u00dfballbundesligisten SV Werder Bremen. Thront das Schiff gewisserma\u00dfen hoch \u00fcber den Wellen, dann freut sich jeder, an Bord sein zu d\u00fcrfen. Droht das Schiff aber zu sinken, dann m\u00f6chte jeder der erste sein, der das Schiff verl\u00e4sst. Noch schwimmt das Werder-Schiff, wenn &hellip; <a href=\"https:\/\/willizblog.de\/?p=5391\" class=\"more-link\"><span class=\"screen-reader-text\">Zerfallserscheinungen<\/span> weiterlesen <span class=\"meta-nav\">&rarr;<\/span><\/a><\/p>\n","protected":false},"author":1,"featured_media":0,"comment_status":"open","ping_status":"open","sticky":false,"template":"","format":"standard","meta":[],"categories":[27],"tags":[],"_links":{"self":[{"href":"https:\/\/willizblog.de\/index.php?rest_route=\/wp\/v2\/posts\/5391"}],"collection":[{"href":"https:\/\/willizblog.de\/index.php?rest_route=\/wp\/v2\/posts"}],"about":[{"href":"https:\/\/willizblog.de\/index.php?rest_route=\/wp\/v2\/types\/post"}],"author":[{"embeddable":true,"href":"https:\/\/willizblog.de\/index.php?rest_route=\/wp\/v2\/users\/1"}],"replies":[{"embeddable":true,"href":"https:\/\/willizblog.de\/index.php?rest_route=%2Fwp%2Fv2%2Fcomments&post=5391"}],"version-history":[{"count":0,"href":"https:\/\/willizblog.de\/index.php?rest_route=\/wp\/v2\/posts\/5391\/revisions"}],"wp:attachment":[{"href":"https:\/\/willizblog.de\/index.php?rest_route=%2Fwp%2Fv2%2Fmedia&parent=5391"}],"wp:term":[{"taxonomy":"category","embeddable":true,"href":"https:\/\/willizblog.de\/index.php?rest_route=%2Fwp%2Fv2%2Fcategories&post=5391"},{"taxonomy":"post_tag","embeddable":true,"href":"https:\/\/willizblog.de\/index.php?rest_route=%2Fwp%2Fv2%2Ftags&post=5391"}],"curies":[{"name":"wp","href":"https:\/\/api.w.org\/{rel}","templated":true}]}}