{"id":54,"date":"2005-03-01T18:57:08","date_gmt":"2005-03-01T17:57:08","guid":{"rendered":"http:\/\/www.albinz.de\/blog\/?p=54"},"modified":"2005-10-20T11:37:21","modified_gmt":"2005-10-20T09:37:21","slug":"lehrstuck-parlamentarischer-demokratie","status":"publish","type":"post","link":"https:\/\/willizblog.de\/?p=54","title":{"rendered":"Lehrst\u00fcck parlamentarischer Demokratie"},"content":{"rendered":"<p>Nach der Landtagswahl erreichte weder die alte rot-gr\u00fcne Regierung noch die schwarz-gelbe Opposition die Mehrheit der Sitze. Also gro\u00dfe Koalition? Nein, nat\u00fcrlich nicht, denn dann h\u00e4tte Heide Simonis ihren Ministerpr\u00e4sidentensessel an die CDU abgeben m\u00fcssen. Trotz sehr unterschiedlicher politischer Konzepte (siehe allein die Schulpolitik) wollte die CDU mangels  anderer Mehrheiten die gro\u00dfe Koalition, Herr Carstensen allen voran, der sich bereits in der Wahlnacht als Ministerpr\u00e4sident w\u00e4hnte (leider etwas zu fr\u00fch).<\/p>\n<p>Jetzt will Rot-Gr\u00fcn mit Unterst\u00fctzung des SSW weiterregieren. Nein, sagt die CDU (mag Frau Simonis auch an ihrem Sessel kleben; der Herr Carstensen rangelt weiter um den Ministerpr\u00e4sidentensitz &#8211; auch ohne Mehrheit), der SSW hat bereits Privilegien genug. Sie sollen sich h\u00fcten, Mehrheitsbeschaffer zu spielen (das sollte einmal einer der FDP sagen).<\/p>\n<p>So wird mit reichlich Schmutz geworfen und Schuld hat am Ende der SSW, nur weil die Machtgier eines Herren Carstensen gr\u00f6\u00dfer ist als seine Kompetenz. Mag ja sein, dass das Rot-gr\u00fcn-plus-SSW-Modell nur einen &#8222;kurzen Halbwertzeit&#8220; (O-Ton Carstensen) haben wird. Herr Carstensen darf auch gern gegen Frau Simonis bei der Wahl des Ministerpr\u00e4sidenten antreten. Vielleicht schafft er es ja doch. Wenn nicht, dann sollte er und seine Kollegen und Kolleginnen im Bund endlich den Mund halten.<\/p>\n<p>\u00dcbrigens: Der Fraktionschef der d\u00e4nischen Konservativen im Kopenhagener Folketing, Helge Adam M\u00f8ller, wies die Kritik an der Rolle des SSW u.a. mit den Worten zur\u00fcck: &#8222;Sicher bin ich auch konservativ und w\u00fcrde eine CDU-Regierung vorziehen. Vor allem aber bin ich Demokrat. Und f\u00fcr den ist v\u00f6llig klar, dass der SSW seit 50 Jahren \u00fcber vollg\u00fcltige Mandate im Landtag verf\u00fcgt.&#8220; <\/p>\n<p>Wie sehr sich doch das Demokratieverst\u00e4ndnis unterscheiden kann!<\/p>\n","protected":false},"excerpt":{"rendered":"<p>Nach der Landtagswahl erreichte weder die alte rot-gr\u00fcne Regierung noch die schwarz-gelbe Opposition die Mehrheit der Sitze. Also gro\u00dfe Koalition? Nein, nat\u00fcrlich nicht, denn dann h\u00e4tte Heide Simonis ihren Ministerpr\u00e4sidentensessel an die CDU abgeben m\u00fcssen. Trotz sehr unterschiedlicher politischer Konzepte (siehe allein die Schulpolitik) wollte die CDU mangels anderer Mehrheiten die gro\u00dfe Koalition, Herr Carstensen &hellip; <a href=\"https:\/\/willizblog.de\/?p=54\" class=\"more-link\"><span class=\"screen-reader-text\">Lehrst\u00fcck parlamentarischer Demokratie<\/span> weiterlesen <span class=\"meta-nav\">&rarr;<\/span><\/a><\/p>\n","protected":false},"author":1,"featured_media":0,"comment_status":"closed","ping_status":"closed","sticky":false,"template":"","format":"standard","meta":[],"categories":[12],"tags":[],"_links":{"self":[{"href":"https:\/\/willizblog.de\/index.php?rest_route=\/wp\/v2\/posts\/54"}],"collection":[{"href":"https:\/\/willizblog.de\/index.php?rest_route=\/wp\/v2\/posts"}],"about":[{"href":"https:\/\/willizblog.de\/index.php?rest_route=\/wp\/v2\/types\/post"}],"author":[{"embeddable":true,"href":"https:\/\/willizblog.de\/index.php?rest_route=\/wp\/v2\/users\/1"}],"replies":[{"embeddable":true,"href":"https:\/\/willizblog.de\/index.php?rest_route=%2Fwp%2Fv2%2Fcomments&post=54"}],"version-history":[{"count":0,"href":"https:\/\/willizblog.de\/index.php?rest_route=\/wp\/v2\/posts\/54\/revisions"}],"wp:attachment":[{"href":"https:\/\/willizblog.de\/index.php?rest_route=%2Fwp%2Fv2%2Fmedia&parent=54"}],"wp:term":[{"taxonomy":"category","embeddable":true,"href":"https:\/\/willizblog.de\/index.php?rest_route=%2Fwp%2Fv2%2Fcategories&post=54"},{"taxonomy":"post_tag","embeddable":true,"href":"https:\/\/willizblog.de\/index.php?rest_route=%2Fwp%2Fv2%2Ftags&post=54"}],"curies":[{"name":"wp","href":"https:\/\/api.w.org\/{rel}","templated":true}]}}