{"id":5401,"date":"2012-01-13T09:21:21","date_gmt":"2012-01-13T08:21:21","guid":{"rendered":"http:\/\/www.willizblog.de\/?p=5401"},"modified":"2012-01-11T13:23:44","modified_gmt":"2012-01-11T12:23:44","slug":"wieder-einmal-freitag-der-13","status":"publish","type":"post","link":"https:\/\/willizblog.de\/?p=5401","title":{"rendered":"Wieder einmal: Freitag, der 13."},"content":{"rendered":"<p>Schwarze Katzen, die den Weg kreuzen. Nicht unter Leitern durch. Mit dem falschen Bein aufstehen (war das nun das linke oder rechte?). Und nat\u00fcrlich Freitag, der 13.! All das bringt Ungl\u00fcck, behaupten viele. Was ist aber dran, am Freitag, den 13.?<\/p>\n<ul><img src=\"https:\/\/www.willizblog.de\/albpics\/freitag_13.jpg\" alt=\"Freitag, der 13.\" title=\"Freitag, der 13.\" \/><\/ul>\n<p>Nach alter Zahlensymbolik ist die Primzahl 13 eine \u2018\u00fcbersteigerte Zw\u00f6lf\u2019 und zerst\u00f6re die Harmonie des Universums. 13 bedeutete in vielen Kulturen, dass die Zahl 13 die symboltr\u00e4chtige 12, die g\u00f6ttliche, kosmische und jahreszeitzeitliche Ordnungen repr\u00e4sentiert (der Tag hat 12 Stunden &#8211; und auch die Nacht; es gibt 12 Monate und die Apostel Jesu waren derer 12), \u00fcberschreitet. Bei der 13 hat Satan die Hand mit im Spiel, im Volksmund wird die 13 auch als das \u2018Dutzend des Teufels\u2019 bezeichnet.<\/p>\n<p>Die 13 als Ungl\u00fcckszahl treibt seltsame Bl\u00fcten. So gibt es in vielen Hotels kein Zimmer mit dieser Nummer. Und auch in Flugzeugen \u00fcberspringt man gern diese Zahl. Wer sitzt schon gern auf einem Platz mit der Nummer 13. Und dann gab es nat\u00fcrlich die Raumfahrtmission zum Mond mit <a href=\"https:\/\/de.wikipedia.org\/wiki\/Apollo_13\" target=\"_blank\">Apollo 13<\/a> im April 1970, die voller Pannen war, am Ende aber doch glimpflich verlief. \u00dcbrigens startete <a href=\"http:\/\/www.mondatlas.de\/apollo\/apollo13.html\" target=\"_blank\">Apollo 13<\/a> an einem Freitag.<\/p>\n<p>Das die 13 f\u00fcr viele allerdings auch eine Gl\u00fcckszahl sein kann, zeigt sich daran, dass die erste Lottozahl, die am 9. Oktober 1955 gezogen wurde, eine 13 war.<\/p>\n<p>Und weshalb Freitag? Aberglaube ist zwar die Umkehrung des Glaubens, hat aber immer noch etwas mit Glauben zu tun. An einem Freitag wurde Christus an das Kreuz genagelt. Also kann Freitag nur ein Ungl\u00fcckstag sein. Aus j\u00fcngerer Zeit kennen wir den \u2019schwarzen Freitag\u2019, den Tag des B\u00f6rsenkrachs im Jahre 1927.<\/p>\n<p>Und: In grauer Vorzeit galten Jahre (und auch Monate) als Ungl\u00fccksjahre, wenn diese mit einem Freitag begannen.<\/p>\n<p>siehe: <a href=\"https:\/\/de.wikipedia.org\/wiki\/Freitag,_der_13.\" target=\"_blank\">Freitag, den 13.<\/a><\/p>\n","protected":false},"excerpt":{"rendered":"<p>Schwarze Katzen, die den Weg kreuzen. Nicht unter Leitern durch. Mit dem falschen Bein aufstehen (war das nun das linke oder rechte?). Und nat\u00fcrlich Freitag, der 13.! All das bringt Ungl\u00fcck, behaupten viele. Was ist aber dran, am Freitag, den 13.? Nach alter Zahlensymbolik ist die Primzahl 13 eine \u2018\u00fcbersteigerte Zw\u00f6lf\u2019 und zerst\u00f6re die Harmonie &hellip; <a href=\"https:\/\/willizblog.de\/?p=5401\" class=\"more-link\"><span class=\"screen-reader-text\">Wieder einmal: Freitag, der 13.<\/span> weiterlesen <span class=\"meta-nav\">&rarr;<\/span><\/a><\/p>\n","protected":false},"author":1,"featured_media":0,"comment_status":"open","ping_status":"open","sticky":false,"template":"","format":"standard","meta":[],"categories":[1],"tags":[],"_links":{"self":[{"href":"https:\/\/willizblog.de\/index.php?rest_route=\/wp\/v2\/posts\/5401"}],"collection":[{"href":"https:\/\/willizblog.de\/index.php?rest_route=\/wp\/v2\/posts"}],"about":[{"href":"https:\/\/willizblog.de\/index.php?rest_route=\/wp\/v2\/types\/post"}],"author":[{"embeddable":true,"href":"https:\/\/willizblog.de\/index.php?rest_route=\/wp\/v2\/users\/1"}],"replies":[{"embeddable":true,"href":"https:\/\/willizblog.de\/index.php?rest_route=%2Fwp%2Fv2%2Fcomments&post=5401"}],"version-history":[{"count":0,"href":"https:\/\/willizblog.de\/index.php?rest_route=\/wp\/v2\/posts\/5401\/revisions"}],"wp:attachment":[{"href":"https:\/\/willizblog.de\/index.php?rest_route=%2Fwp%2Fv2%2Fmedia&parent=5401"}],"wp:term":[{"taxonomy":"category","embeddable":true,"href":"https:\/\/willizblog.de\/index.php?rest_route=%2Fwp%2Fv2%2Fcategories&post=5401"},{"taxonomy":"post_tag","embeddable":true,"href":"https:\/\/willizblog.de\/index.php?rest_route=%2Fwp%2Fv2%2Ftags&post=5401"}],"curies":[{"name":"wp","href":"https:\/\/api.w.org\/{rel}","templated":true}]}}